{"id":37966,"global_id":"www.unidroit.org\/fr\/?id=37966","global_id_lineage":["www.unidroit.org\/fr\/?id=37966"],"author":"35","status":"publish","date":"2026-01-26 11:49:24","date_utc":"2026-01-26 10:49:24","modified":"2026-02-12 17:05:12","modified_utc":"2026-02-12 16:05:12","url":"https:\/\/www.unidroit.org\/fr\/event\/atelier-de-laxe-de-travail-sur-les-marches-financiers-et-les-technologies\/","rest_url":"https:\/\/www.unidroit.org\/fr\/wp-json\/tribe\/events\/v1\/events\/37966","title":"Atelier de l\u2019axe de travail sur les march\u00e9s financiers et les technologies","description":"<p style=\"text-align: justify;\">Charg\u00e9 de l\u2019\u00e9laboration d\u2019un Livre blanc sur la strat\u00e9gie future d\u2019UNIDROIT dans ce domaine, le Comit\u00e9 de cet axe de travail se r\u00e9unira \u00e0 Rome pour sa derni\u00e8re r\u00e9union, en amont de la discussion finale pr\u00e9vue lors de la session conjointe du Conseil de Direction et de l\u2019Assembl\u00e9e G\u00e9n\u00e9rale en d\u00e9cembre.<\/p>\n<p style=\"text-align: justify;\">La participation \u00e0 l\u2019atelier de l\u2019axe de travail \u201cMarch\u00e9s financiers et technologies\u201d est r\u00e9serv\u00e9e aux participants invit\u00e9s. De plus amples informations seront communiqu\u00e9es en temps utile.<\/p>","excerpt":"","slug":"atelier-de-laxe-de-travail-sur-les-marches-financiers-et-les-technologies","image":false,"all_day":true,"start_date":"2026-09-11 00:00:00","start_date_details":{"year":"2026","month":"09","day":"11","hour":"00","minutes":"00","seconds":"00"},"end_date":"2026-09-11 23:59:59","end_date_details":{"year":"2026","month":"09","day":"11","hour":"23","minutes":"59","seconds":"59"},"utc_start_date":"2026-09-10 22:00:00","utc_start_date_details":{"year":"2026","month":"09","day":"10","hour":"22","minutes":"00","seconds":"00"},"utc_end_date":"2026-09-11 21:59:59","utc_end_date_details":{"year":"2026","month":"09","day":"11","hour":"21","minutes":"59","seconds":"59"},"timezone":"Europe\/Rome","timezone_abbr":"CEST","cost":"","cost_details":{"currency_symbol":"$","currency_code":"USD","currency_position":"prefix","values":[]},"website":"https:\/\/www.unidroit.org\/centenary\/financial-markets-and-technology-workstream\/","show_map":true,"show_map_link":true,"hide_from_listings":false,"sticky":false,"featured":false,"categories":[{"name":"Centenary","slug":"centenary-fr","term_group":0,"term_taxonomy_id":356,"taxonomy":"tribe_events_cat","description":"","parent":0,"count":11,"filter":"raw","id":356,"urls":{"self":"https:\/\/www.unidroit.org\/fr\/wp-json\/tribe\/events\/v1\/categories\/356","collection":"https:\/\/www.unidroit.org\/fr\/wp-json\/tribe\/events\/v1\/categories"}},{"name":"Marches de capitaux","slug":"marches-de-capitaux","term_group":0,"term_taxonomy_id":131,"taxonomy":"tribe_events_cat","description":"","parent":0,"count":4,"filter":"raw","id":131,"urls":{"self":"https:\/\/www.unidroit.org\/fr\/wp-json\/tribe\/events\/v1\/categories\/131","collection":"https:\/\/www.unidroit.org\/fr\/wp-json\/tribe\/events\/v1\/categories"}}],"tags":[],"venue":{"id":34348,"author":"15","status":"publish","date":"2025-06-26 17:29:30","date_utc":"0000-00-00 00:00:00","modified":"2025-06-26 17:29:30","modified_utc":"0000-00-00 00:00:00","url":"https:\/\/www.unidroit.org\/lieu\/unidroit-zoom\/","venue":"UNIDROIT &#038; Zoom","slug":"unidroit-zoom","json_ld":{"@type":"Place","name":"UNIDROIT &#038; Zoom","description":"","url":"","address":{"@type":"PostalAddress"},"telephone":"","sameAs":""},"show_map":true,"show_map_link":true,"global_id":"www.unidroit.org\/fr\/?id=34348","global_id_lineage":["www.unidroit.org\/fr\/?id=34348"]},"organizer":[{"id":18055,"author":"8","status":"publish","date":"2023-08-08 11:18:58","date_utc":"2023-08-08 09:18:58","modified":"2023-08-08 11:18:58","modified_utc":"2023-08-08 09:18:58","url":"https:\/\/www.unidroit.org\/organisateur\/unidroit-3\/","organizer":"UNIDROIT","slug":"unidroit-3","json_ld":{"@type":"Person","name":"UNIDROIT","description":"","url":"","telephone":"","email":"","sameAs":""},"global_id":"www.unidroit.org\/fr\/?id=18055","global_id_lineage":["www.unidroit.org\/fr\/?id=18055"]}],"custom_fields":[],"json_ld":{"@context":"http:\/\/schema.org","@type":"Event","name":"Atelier de l\u2019axe de travail sur les march\u00e9s financiers et les technologies","description":"&lt;p&gt;Charg\u00e9 de l\u2019\u00e9laboration d\u2019un Livre blanc sur la strat\u00e9gie future d\u2019UNIDROIT dans ce domaine, le Comit\u00e9 de cet axe de travail se r\u00e9unira \u00e0 Rome pour sa derni\u00e8re r\u00e9union, en amont de la discussion finale pr\u00e9vue lors de la session conjointe du Conseil de Direction&nbsp;&lt;a href=&quot;https:\/\/www.unidroit.org\/fr\/event\/atelier-de-laxe-de-travail-sur-les-marches-financiers-et-les-technologies\/&quot;&gt;&hellip;&lt;\/a&gt;&lt;\/p&gt;\\n","url":"https:\/\/www.unidroit.org\/fr\/event\/atelier-de-laxe-de-travail-sur-les-marches-financiers-et-les-technologies\/","eventAttendanceMode":"https:\/\/schema.org\/OfflineEventAttendanceMode","eventStatus":"https:\/\/schema.org\/EventScheduled","startDate":"2026-09-11T00:00:00+02:00","endDate":"2026-09-11T23:59:59+02:00","location":{"@type":"Place","name":"UNIDROIT &#038; Zoom","description":"","url":"","address":{"@type":"PostalAddress"},"telephone":"","sameAs":""},"organizer":{"@type":"Person","name":"UNIDROIT","description":"","url":"","telephone":"","email":"","sameAs":""},"performer":"Organization"}}