{"id":10114,"date":"2021-09-02T10:57:41","date_gmt":"2021-09-02T08:57:41","guid":{"rendered":"https:\/\/www.unidroit.org\/?p=10114"},"modified":"2021-09-22T11:01:18","modified_gmt":"2021-09-22T09:01:18","slug":"1973-convention-sur-le-testament-international-declaration-canada-extension-au-territoire-du-yukon","status":"publish","type":"post","link":"https:\/\/www.unidroit.org\/fr\/1973-convention-sur-le-testament-international-declaration-canada-extension-au-territoire-du-yukon\/","title":{"rendered":"1973 CONVENTION SUR LE TESTAMENT INTERNATIONAL \u2013 D\u00c9CLARATION \u2013 CANADA (EXTENSION AU TERRITOIRE DU YUKON)"},"content":{"rendered":"<p style=\"text-align: justify;\">Le 6 juillet 2021, le Gouvernement du Canada a d\u00e9pos\u00e9 aupr\u00e8s du Gouvernement des \u00c9tats-Unis d\u2019Am\u00e9rique, D\u00e9positaire de la Convention, une d\u00e9claration \u00e9tendant au territoire du Yukon la Convention portant loi uniforme sur la forme d\u2019un testament international de 1973, conform\u00e9ment \u00e0 l\u2019article XIV de ladite Convention. Cette d\u00e9claration prendra effet le 6 janvier 2022. Pour davantage d\u2019informations concernant la Convention, voir la <a href=\"page%20\">page.<\/a><\/p>\n","protected":false},"excerpt":{"rendered":"<p>Le 6 juillet 2021, le Gouvernement du Canada a d\u00e9pos\u00e9 aupr\u00e8s du Gouvernement des \u00c9tats-Unis d\u2019Am\u00e9rique, D\u00e9positaire de la Convention, une d\u00e9claration \u00e9tendant au territoire du Yukon la Convention portant loi uniforme sur la forme d\u2019un testament international de 1973, conform\u00e9ment \u00e0 l\u2019article XIV de&nbsp;<a href=\"https:\/\/www.unidroit.org\/fr\/1973-convention-sur-le-testament-international-declaration-canada-extension-au-territoire-du-yukon\/\">&hellip;<\/a><\/p>\n","protected":false},"author":19,"featured_media":0,"comment_status":"closed","ping_status":"open","sticky":false,"template":"","format":"standard","meta":{"ep_exclude_from_search":false,"footnotes":""},"categories":[79,164],"tags":[],"class_list":["post-10114","post","type-post","status-publish","format-standard","hentry","category-actualites","category-international-will-2","odd"],"_links":{"self":[{"href":"https:\/\/www.unidroit.org\/fr\/wp-json\/wp\/v2\/posts\/10114","targetHints":{"allow":["GET"]}}],"collection":[{"href":"https:\/\/www.unidroit.org\/fr\/wp-json\/wp\/v2\/posts"}],"about":[{"href":"https:\/\/www.unidroit.org\/fr\/wp-json\/wp\/v2\/types\/post"}],"author":[{"embeddable":true,"href":"https:\/\/www.unidroit.org\/fr\/wp-json\/wp\/v2\/users\/19"}],"replies":[{"embeddable":true,"href":"https:\/\/www.unidroit.org\/fr\/wp-json\/wp\/v2\/comments?post=10114"}],"version-history":[{"count":0,"href":"https:\/\/www.unidroit.org\/fr\/wp-json\/wp\/v2\/posts\/10114\/revisions"}],"wp:attachment":[{"href":"https:\/\/www.unidroit.org\/fr\/wp-json\/wp\/v2\/media?parent=10114"}],"wp:term":[{"taxonomy":"category","embeddable":true,"href":"https:\/\/www.unidroit.org\/fr\/wp-json\/wp\/v2\/categories?post=10114"},{"taxonomy":"post_tag","embeddable":true,"href":"https:\/\/www.unidroit.org\/fr\/wp-json\/wp\/v2\/tags?post=10114"}],"curies":[{"name":"wp","href":"https:\/\/api.w.org\/{rel}","templated":true}]}}