{"id":10478,"date":"2021-09-27T12:36:57","date_gmt":"2021-09-27T10:36:57","guid":{"rendered":"https:\/\/www.unidroit.org\/unidroit-closes-100th-session-of-governing-council-with-celebratory-event-in-bologna\/"},"modified":"2021-10-13T11:29:15","modified_gmt":"2021-10-13T09:29:15","slug":"unidroit-closes-100th-session-of-governing-council-with-celebratory-event-in-bologna","status":"publish","type":"post","link":"https:\/\/www.unidroit.org\/fr\/unidroit-closes-100th-session-of-governing-council-with-celebratory-event-in-bologna\/","title":{"rendered":"UNIDROIT cl\u00f4ture la 100\u00e8me session du Conseil de Direction avec un \u00e9v\u00e9nement de c\u00e9l\u00e9bration \u00e0 Bologne"},"content":{"rendered":"<p><img loading=\"lazy\" decoding=\"async\" class=\"size-medium wp-image-10406 alignleft\" src=\"https:\/\/www.unidroit.org\/wp-content\/uploads\/2021\/10\/DSC03979-Medium-1-300x200.jpg\" alt=\"\" width=\"300\" height=\"200\" srcset=\"https:\/\/www.unidroit.org\/wp-content\/uploads\/2021\/10\/DSC03979-Medium-1-300x200.jpg 300w, https:\/\/www.unidroit.org\/wp-content\/uploads\/2021\/10\/DSC03979-Medium-1-1024x683.jpg 1024w, https:\/\/www.unidroit.org\/wp-content\/uploads\/2021\/10\/DSC03979-Medium-1.jpg 1152w\" sizes=\"auto, (max-width: 300px) 100vw, 300px\" \/><\/p>\n<p>Le 27 septembre 2021, UNIDROIT a f\u00eat\u00e9 ses plus grandes r\u00e9alisations pendant presque un si\u00e8cle d\u2019activit\u00e9s \u00e0 l&#8217;occasion de la 100<sup>\u00e8me <\/sup>session de son Conseil de Direction. Les membres du Conseil de Direction, pass\u00e9s et pr\u00e9sents, d&#8217;\u00e9minents Correspondants et Repr\u00e9sentants d&#8217;organisations internationales (entre autres, le Secr\u00e9taire g\u00e9n\u00e9ral de la HCCH, M. Christophe Bernasconi, le Pr\u00e9sident de l&#8217;Institut de droit europ\u00e9en, le Professeur Pascal Pichonnaz, la Directrice g\u00e9n\u00e9rale <em>a.i.<\/em> de la DG Justice de la Commission europ\u00e9enne, Mme Salla Saastamoinen) se sont retrouv\u00e9s \u00e0 Bologne sur invitation (environ 50 participants pr\u00e9sents) et en ligne (environ 80 inscrits) dans l&#8217;Oratorio San Filippo Neri, un lieu historique de la ville. La Conf\u00e9rence a \u00e9t\u00e9 ouverte par les institutions organisatrices, la Pr\u00e9sidente Maria Chiara Malaguti (UNIDROIT), la Professeure Giusella Finocchiaro (Pr\u00e9sidente, Fondazione del Monte) et le Professeur Caianiello (Directeur du D\u00e9partement d&#8217;\u00e9tudes juridiques, Universit\u00e9 de Bologne). Le programme de la Conf\u00e9rence \u00e9tait tr\u00e8s riche, avec un historique du Conseil de Direction depuis sa cr\u00e9ation par le Secr\u00e9taire G\u00e9n\u00e9ral, et quatre panels sur les principaux domaines d\u2019activit\u00e9s de l&#8217;Institut, \u00e0 savoir: 1) les Op\u00e9rations garanties, ax\u00e9es sur la Convention du Cap, expos\u00e9es dans un dialogue entre l&#8217;ancien Secr\u00e9taire G\u00e9n\u00e9ral d&#8217;UNIDROIT, le Professeur Herbert Kronke et Sir Roy Goode, avec les commentaires du Secr\u00e9taire G\u00e9n\u00e9ral du Groupe de travail a\u00e9ronautique, le Professeur Jeffrey Wool; 2) le Droit des contrats, pr\u00e9sent\u00e9 lors d\u2019un dialogue entre le Professeur M. Joachim Bonell et la Juge au Conseil d&#8217;\u00c9tat, la Professeure B\u00e9n\u00e9dicte Fauvarque-Cosson, avec les commentaires du Professeur Marcel Fontaine; 3) le Droit priv\u00e9 et l&#8217;agriculture, avec une discussion entre l&#8217;ancien Secr\u00e9taire G\u00e9n\u00e9ral d&#8217;UNIDROIT, M. Angelo Estrella-Faria, le Professeur Jos\u00e9 Moreno, membre du Conseil de Direction, et la repr\u00e9sentante de la FAO Carmen Bull\u00f3n; et 4) les Biens culturels, avec une analyse suivie d\u2019une discussion sur la Convention d&#8217;UNIDROIT de 1995 tenue par Mme Marina Schneider, Juriste principale, M. Jorge S\u00e1nchez Cordero, membre du Conseil de Direction (qui a annonc\u00e9, en direct, la ratification prochaine de la Convention par le Mexique) et le Professeur Marc-Andr\u00e9 Renold. La Conf\u00e9rence a \u00e9galement \u00e9t\u00e9 marqu\u00e9e par un discours prononc\u00e9 par le Professeur Paolo Mengozzi (ancien Juge \u00e0 la Cour de Justice de l&#8217;Union europ\u00e9enne, Professeur et Chaire Jean Monnet de droit communautaire europ\u00e9en \u00e0 l&#8217;Universit\u00e9 de Bologne) sur l&#8217;importance historique d&#8217;UNIDROIT et du droit international, ainsi que par un panel consacr\u00e9 aux relations entre UNIDROIT et l&#8217;Italie, pays d\u2019accueil, pr\u00e9sid\u00e9 par la Professeure Stefania Bariatti, membre du Conseil de Direction.<\/p>\n<p><a href=\"https:\/\/www.unidroit.org\/wp-content\/uploads\/2021\/09\/Bol2.pdf\">Programme<\/a><\/p>\n\n\t\t<style type=\"text\/css\">\n\t\t\t#gallery-1 {\n\t\t\t\tmargin: auto;\n\t\t\t}\n\t\t\t#gallery-1 .gallery-item {\n\t\t\t\tfloat: left;\n\t\t\t\tmargin-top: 10px;\n\t\t\t\ttext-align: center;\n\t\t\t\twidth: 11%;\n\t\t\t}\n\t\t\t#gallery-1 img {\n\t\t\t\tborder: 2px solid #cfcfcf;\n\t\t\t}\n\t\t\t#gallery-1 .gallery-caption {\n\t\t\t\tmargin-left: 0;\n\t\t\t}\n\t\t\t\/* see gallery_shortcode() in wp-includes\/media.php *\/\n\t\t<\/style>\n\t\t<div id='gallery-1' class='gallery galleryid-10478 gallery-columns-9 gallery-size-thumbnail'><dl class='gallery-item'>\n\t\t\t<dt class='gallery-icon landscape'>\n\t\t\t\t<a href='https:\/\/www.unidroit.org\/wp-content\/uploads\/2021\/10\/DSC03970-Medium.jpg'><img loading=\"lazy\" decoding=\"async\" width=\"150\" height=\"150\" src=\"https:\/\/www.unidroit.org\/wp-content\/uploads\/2021\/10\/DSC03970-Medium-150x150.jpg\" class=\"attachment-thumbnail size-thumbnail\" alt=\"\" \/><\/a>\n\t\t\t<\/dt><\/dl><dl class='gallery-item'>\n\t\t\t<dt class='gallery-icon landscape'>\n\t\t\t\t<a href='https:\/\/www.unidroit.org\/wp-content\/uploads\/2021\/10\/DSC03979-Medium.jpg'><img loading=\"lazy\" decoding=\"async\" width=\"150\" height=\"150\" src=\"https:\/\/www.unidroit.org\/wp-content\/uploads\/2021\/10\/DSC03979-Medium-150x150.jpg\" class=\"attachment-thumbnail size-thumbnail\" alt=\"\" \/><\/a>\n\t\t\t<\/dt><\/dl><dl class='gallery-item'>\n\t\t\t<dt class='gallery-icon landscape'>\n\t\t\t\t<a href='https:\/\/www.unidroit.org\/wp-content\/uploads\/2021\/10\/DSC03995-Medium.jpg'><img loading=\"lazy\" decoding=\"async\" width=\"150\" height=\"150\" src=\"https:\/\/www.unidroit.org\/wp-content\/uploads\/2021\/10\/DSC03995-Medium-150x150.jpg\" class=\"attachment-thumbnail size-thumbnail\" alt=\"\" \/><\/a>\n\t\t\t<\/dt><\/dl><dl class='gallery-item'>\n\t\t\t<dt class='gallery-icon landscape'>\n\t\t\t\t<a href='https:\/\/www.unidroit.org\/wp-content\/uploads\/2021\/10\/DSC04012-Medium.jpg'><img loading=\"lazy\" decoding=\"async\" width=\"150\" height=\"150\" src=\"https:\/\/www.unidroit.org\/wp-content\/uploads\/2021\/10\/DSC04012-Medium-150x150.jpg\" class=\"attachment-thumbnail size-thumbnail\" alt=\"\" \/><\/a>\n\t\t\t<\/dt><\/dl><dl class='gallery-item'>\n\t\t\t<dt class='gallery-icon landscape'>\n\t\t\t\t<a href='https:\/\/www.unidroit.org\/wp-content\/uploads\/2021\/10\/DSC04034-Medium.jpg'><img loading=\"lazy\" decoding=\"async\" width=\"150\" height=\"150\" src=\"https:\/\/www.unidroit.org\/wp-content\/uploads\/2021\/10\/DSC04034-Medium-150x150.jpg\" class=\"attachment-thumbnail size-thumbnail\" alt=\"\" \/><\/a>\n\t\t\t<\/dt><\/dl><dl class='gallery-item'>\n\t\t\t<dt class='gallery-icon landscape'>\n\t\t\t\t<a href='https:\/\/www.unidroit.org\/wp-content\/uploads\/2021\/10\/DSC04093-Medium.jpg'><img loading=\"lazy\" decoding=\"async\" width=\"150\" height=\"150\" src=\"https:\/\/www.unidroit.org\/wp-content\/uploads\/2021\/10\/DSC04093-Medium-150x150.jpg\" class=\"attachment-thumbnail size-thumbnail\" alt=\"\" \/><\/a>\n\t\t\t<\/dt><\/dl><dl class='gallery-item'>\n\t\t\t<dt class='gallery-icon landscape'>\n\t\t\t\t<a href='https:\/\/www.unidroit.org\/wp-content\/uploads\/2021\/10\/DSC04118-Medium.jpg'><img loading=\"lazy\" decoding=\"async\" width=\"150\" height=\"150\" src=\"https:\/\/www.unidroit.org\/wp-content\/uploads\/2021\/10\/DSC04118-Medium-150x150.jpg\" class=\"attachment-thumbnail size-thumbnail\" alt=\"\" \/><\/a>\n\t\t\t<\/dt><\/dl><dl class='gallery-item'>\n\t\t\t<dt class='gallery-icon landscape'>\n\t\t\t\t<a href='https:\/\/www.unidroit.org\/wp-content\/uploads\/2021\/10\/DSC04134-Medium.jpg'><img loading=\"lazy\" decoding=\"async\" width=\"150\" height=\"150\" src=\"https:\/\/www.unidroit.org\/wp-content\/uploads\/2021\/10\/DSC04134-Medium-150x150.jpg\" class=\"attachment-thumbnail size-thumbnail\" alt=\"\" \/><\/a>\n\t\t\t<\/dt><\/dl><dl class='gallery-item'>\n\t\t\t<dt class='gallery-icon landscape'>\n\t\t\t\t<a href='https:\/\/www.unidroit.org\/wp-content\/uploads\/2021\/10\/DSC04055-Medium.jpg'><img loading=\"lazy\" decoding=\"async\" width=\"150\" height=\"150\" src=\"https:\/\/www.unidroit.org\/wp-content\/uploads\/2021\/10\/DSC04055-Medium-150x150.jpg\" class=\"attachment-thumbnail size-thumbnail\" alt=\"\" \/><\/a>\n\t\t\t<\/dt><\/dl><br style=\"clear: both\" \/><dl class='gallery-item'>\n\t\t\t<dt class='gallery-icon landscape'>\n\t\t\t\t<a href='https:\/\/www.unidroit.org\/wp-content\/uploads\/2021\/10\/DSC04045-Medium.jpg'><img loading=\"lazy\" decoding=\"async\" width=\"150\" height=\"150\" src=\"https:\/\/www.unidroit.org\/wp-content\/uploads\/2021\/10\/DSC04045-Medium-150x150.jpg\" class=\"attachment-thumbnail size-thumbnail\" alt=\"\" \/><\/a>\n\t\t\t<\/dt><\/dl><dl class='gallery-item'>\n\t\t\t<dt class='gallery-icon landscape'>\n\t\t\t\t<a href='https:\/\/www.unidroit.org\/wp-content\/uploads\/2021\/10\/DSC04061-Medium.jpg'><img loading=\"lazy\" decoding=\"async\" width=\"150\" height=\"150\" src=\"https:\/\/www.unidroit.org\/wp-content\/uploads\/2021\/10\/DSC04061-Medium-150x150.jpg\" class=\"attachment-thumbnail size-thumbnail\" alt=\"\" \/><\/a>\n\t\t\t<\/dt><\/dl><dl class='gallery-item'>\n\t\t\t<dt class='gallery-icon landscape'>\n\t\t\t\t<a href='https:\/\/www.unidroit.org\/wp-content\/uploads\/2021\/10\/DSC04074-Medium.jpg'><img loading=\"lazy\" decoding=\"async\" width=\"150\" height=\"150\" src=\"https:\/\/www.unidroit.org\/wp-content\/uploads\/2021\/10\/DSC04074-Medium-150x150.jpg\" class=\"attachment-thumbnail size-thumbnail\" alt=\"\" \/><\/a>\n\t\t\t<\/dt><\/dl><dl class='gallery-item'>\n\t\t\t<dt class='gallery-icon landscape'>\n\t\t\t\t<a href='https:\/\/www.unidroit.org\/wp-content\/uploads\/2021\/10\/DSC04068-Medium.jpg'><img loading=\"lazy\" decoding=\"async\" width=\"150\" height=\"150\" src=\"https:\/\/www.unidroit.org\/wp-content\/uploads\/2021\/10\/DSC04068-Medium-150x150.jpg\" class=\"attachment-thumbnail size-thumbnail\" alt=\"\" \/><\/a>\n\t\t\t<\/dt><\/dl><dl class='gallery-item'>\n\t\t\t<dt class='gallery-icon landscape'>\n\t\t\t\t<a href='https:\/\/www.unidroit.org\/wp-content\/uploads\/2021\/10\/DSC04078-Medium.jpg'><img loading=\"lazy\" decoding=\"async\" width=\"150\" height=\"150\" src=\"https:\/\/www.unidroit.org\/wp-content\/uploads\/2021\/10\/DSC04078-Medium-150x150.jpg\" class=\"attachment-thumbnail size-thumbnail\" alt=\"\" \/><\/a>\n\t\t\t<\/dt><\/dl>\n\t\t\t<br style='clear: both' \/>\n\t\t<\/div>\n\n<p>&nbsp;<\/p>\n<p>&nbsp;<\/p>\n","protected":false},"excerpt":{"rendered":"<p>Le 27 septembre 2021, UNIDROIT a f\u00eat\u00e9 ses plus grandes r\u00e9alisations pendant presque un si\u00e8cle d\u2019activit\u00e9s \u00e0 l&#8217;occasion de la 100\u00e8me session de son Conseil de Direction. Les membres du Conseil de Direction, pass\u00e9s et pr\u00e9sents, d&#8217;\u00e9minents Correspondants et Repr\u00e9sentants d&#8217;organisations internationales (entre autres, le&nbsp;<a href=\"https:\/\/www.unidroit.org\/fr\/unidroit-closes-100th-session-of-governing-council-with-celebratory-event-in-bologna\/\">&hellip;<\/a><\/p>\n","protected":false},"author":8,"featured_media":10406,"comment_status":"closed","ping_status":"closed","sticky":false,"template":"","format":"gallery","meta":{"ep_exclude_from_search":false,"footnotes":""},"categories":[79,72],"tags":[],"class_list":["post-10478","post","type-post","status-publish","format-gallery","has-post-thumbnail","hentry","category-actualites","category-non-classifiee","post_format-post-format-gallery","odd"],"_links":{"self":[{"href":"https:\/\/www.unidroit.org\/fr\/wp-json\/wp\/v2\/posts\/10478","targetHints":{"allow":["GET"]}}],"collection":[{"href":"https:\/\/www.unidroit.org\/fr\/wp-json\/wp\/v2\/posts"}],"about":[{"href":"https:\/\/www.unidroit.org\/fr\/wp-json\/wp\/v2\/types\/post"}],"author":[{"embeddable":true,"href":"https:\/\/www.unidroit.org\/fr\/wp-json\/wp\/v2\/users\/8"}],"replies":[{"embeddable":true,"href":"https:\/\/www.unidroit.org\/fr\/wp-json\/wp\/v2\/comments?post=10478"}],"version-history":[{"count":0,"href":"https:\/\/www.unidroit.org\/fr\/wp-json\/wp\/v2\/posts\/10478\/revisions"}],"wp:featuredmedia":[{"embeddable":true,"href":"https:\/\/www.unidroit.org\/fr\/wp-json\/wp\/v2\/media\/10406"}],"wp:attachment":[{"href":"https:\/\/www.unidroit.org\/fr\/wp-json\/wp\/v2\/media?parent=10478"}],"wp:term":[{"taxonomy":"category","embeddable":true,"href":"https:\/\/www.unidroit.org\/fr\/wp-json\/wp\/v2\/categories?post=10478"},{"taxonomy":"post_tag","embeddable":true,"href":"https:\/\/www.unidroit.org\/fr\/wp-json\/wp\/v2\/tags?post=10478"}],"curies":[{"name":"wp","href":"https:\/\/api.w.org\/{rel}","templated":true}]}}