{"id":11233,"date":"2021-11-15T13:10:35","date_gmt":"2021-11-15T12:10:35","guid":{"rendered":"https:\/\/www.unidroit.org\/?p=11233"},"modified":"2021-11-15T13:10:35","modified_gmt":"2021-11-15T12:10:35","slug":"csignature-dun-protocole-daccord-qui-renforce-la-cooperation-entre-roma-tre-et-unidroi","status":"publish","type":"post","link":"https:\/\/www.unidroit.org\/fr\/csignature-dun-protocole-daccord-qui-renforce-la-cooperation-entre-roma-tre-et-unidroi\/","title":{"rendered":"Signature d\u2019un Protocole d\u2019accord qui renforce la coop\u00e9ration entre Roma Tre et UNIDROIT"},"content":{"rendered":"<p><img loading=\"lazy\" decoding=\"async\" class=\"size-medium wp-image-11248 alignleft\" src=\"https:\/\/www.unidroit.org\/wp-content\/uploads\/2021\/11\/MoU-Roma-3-3-300x200.jpg\" alt=\"\" width=\"300\" height=\"200\" srcset=\"https:\/\/www.unidroit.org\/wp-content\/uploads\/2021\/11\/MoU-Roma-3-3-300x200.jpg 300w, https:\/\/www.unidroit.org\/wp-content\/uploads\/2021\/11\/MoU-Roma-3-3-1024x683.jpg 1024w, https:\/\/www.unidroit.org\/wp-content\/uploads\/2021\/11\/MoU-Roma-3-3.jpg 1620w\" sizes=\"auto, (max-width: 300px) 100vw, 300px\" \/><\/p>\n<p>Le 15 novembre 2021, un Protocole d\u2019accord a \u00e9t\u00e9 sign\u00e9 entre UNIDROIT et le Facult\u00e9 de droit de Roma Tre, en vue de renforcer la coop\u00e9ration entre deux institutions de premier plan pour la promotion et l\u2019avancement des sciences juridiques.<\/p>\n<p>&nbsp;<\/p>\n<p>La signature de ce Protocole jette les bases pour le d\u00e9veloppement de projets de recherche conjoints et pour favoriser l\u2019organisation de conf\u00e9rences et de s\u00e9minaires, tout en faisant conna\u00eetre les travaux d\u2019UNIDROIT et en renfor\u00e7ant la recherche scientifique et les enseignements de Roma Tre dans le domaine du droit priv\u00e9 uniforme, tant mat\u00e9riel que proc\u00e9dural.<\/p>\n<p>&nbsp;<\/p>\n<p>Le Professeur Ignacio Tirado, Secr\u00e9taire G\u00e9n\u00e9ral d\u2019UNIDROIT, a d\u00e9clar\u00e9: \u201cNous nous r\u00e9jouissons de la signature de ce Protocole par UNIDROIT et par la Facult\u00e9 de droit de Roma Tre. Il s\u2019inscrit dans le droit fil de la politique d\u2019UNIDROIT qui accorde une attention particuli\u00e8re au monde universitaire et il formalise la coop\u00e9ration\u00a0 \u00e9troite et fructueuse entre les deux parties depuis plusieurs ann\u00e9es, ouvrant la voie \u00e0 de futures initiatives conjointes.\u201d<img loading=\"lazy\" decoding=\"async\" class=\"size-medium wp-image-11243 alignright\" src=\"https:\/\/www.unidroit.org\/wp-content\/uploads\/2021\/11\/MoU-Roma-3-4-300x200.jpg\" alt=\"\" width=\"300\" height=\"200\" srcset=\"https:\/\/www.unidroit.org\/wp-content\/uploads\/2021\/11\/MoU-Roma-3-4-300x200.jpg 300w, https:\/\/www.unidroit.org\/wp-content\/uploads\/2021\/11\/MoU-Roma-3-4-1024x683.jpg 1024w, https:\/\/www.unidroit.org\/wp-content\/uploads\/2021\/11\/MoU-Roma-3-4.jpg 1620w\" sizes=\"auto, (max-width: 300px) 100vw, 300px\" \/><\/p>\n<p>Le Doyen de la Facult\u00e9 de droit de Roma Tre, le Professeur Antonio Carratta, a manifest\u00e9 son appr\u00e9ciation pour la signature du Protocole, en ces termes: \u201cLa signature du Protocole d\u2019accord entre UNIDROIT et la Facult\u00e9 de droit de Roma Tre repr\u00e9sente un pas important vers la consolidation de la collaboration des deux institutions depuis plusieurs ann\u00e9es. Toutes deux s\u2019engagent \u00e0 encourager de nouvelles initiatives de formation et de recherche sur des sujets d\u2019int\u00e9r\u00eat commun, en particulier dans le domaine du droit civil et commercial, tant mat\u00e9riel que proc\u00e9dural. Par la signature de ce Protocole, la Facult\u00e9 confirme son vif engagement en faveur de l\u2019innovation et de l\u2019internationalisation de ses recherches et de son enseignement.\u201d<\/p>\n<p>&nbsp;<\/p>\n<p><img loading=\"lazy\" decoding=\"async\" class=\"size-medium wp-image-11246 alignleft\" src=\"https:\/\/www.unidroit.org\/wp-content\/uploads\/2021\/11\/MoU-Roma-3-2-300x200.jpg\" alt=\"\" width=\"300\" height=\"200\" srcset=\"https:\/\/www.unidroit.org\/wp-content\/uploads\/2021\/11\/MoU-Roma-3-2-300x200.jpg 300w, https:\/\/www.unidroit.org\/wp-content\/uploads\/2021\/11\/MoU-Roma-3-2-1024x683.jpg 1024w, https:\/\/www.unidroit.org\/wp-content\/uploads\/2021\/11\/MoU-Roma-3-2.jpg 1620w\" sizes=\"auto, (max-width: 300px) 100vw, 300px\" \/><\/p>\n<p>Les Professeurs Maria Chiara Malaguti, Ignacio Tirado et Anna Veneziano (respectivement Pr\u00e9sidente, Secr\u00e9taire G\u00e9n\u00e9ral et Secr\u00e9taire G\u00e9n\u00e9rale adjointe d&#8217;UNIDROIT), ainsi que le Doyen de la Facult\u00e9 de droit de Roma Tre, le Professeur Antonio Carratta, et son coll\u00e8gue le Professeur Giacomo Rojas Elgueta, ont assist\u00e9 \u00e0 la c\u00e9r\u00e9monie de signature du Protocole d&#8217;accord au si\u00e8ge d&#8217;UNIDROIT \u00e0 Rome.<\/p>\n<p><a href=\"https:\/\/www.unidroit.org\/wp-content\/uploads\/2021\/11\/MoU_Comunicato-stampa_EN-_revVV.pdf\">Communiqu\u00e9 de presse complet (en anglais)<\/a><\/p>\n<p><a href=\"https:\/\/www.unidroit.org\/wp-content\/uploads\/2021\/11\/Corriere.pdf\">Article sur les nouvelles \u2013 Corriere della Sera (en italien)<\/a><\/p>\n<p><a href=\"https:\/\/www.unidroit.org\/wp-content\/uploads\/2021\/11\/Messaggero.pdf\">Article sur les nouvelles \u2013 Messaggero (en italien)<\/a><\/p>\n<p>&nbsp;<\/p>\n<p>&nbsp;<\/p>\n","protected":false},"excerpt":{"rendered":"<p>Le 15 novembre 2021, un Protocole d\u2019accord a \u00e9t\u00e9 sign\u00e9 entre UNIDROIT et le Facult\u00e9 de droit de Roma Tre, en vue de renforcer la coop\u00e9ration entre deux institutions de premier plan pour la promotion et l\u2019avancement des sciences juridiques. &nbsp; La signature de ce&nbsp;<a href=\"https:\/\/www.unidroit.org\/fr\/csignature-dun-protocole-daccord-qui-renforce-la-cooperation-entre-roma-tre-et-unidroi\/\">&hellip;<\/a><\/p>\n","protected":false},"author":8,"featured_media":11245,"comment_status":"closed","ping_status":"open","sticky":false,"template":"","format":"standard","meta":{"ep_exclude_from_search":false,"footnotes":""},"categories":[79,72],"tags":[],"class_list":["post-11233","post","type-post","status-publish","format-standard","has-post-thumbnail","hentry","category-actualites","category-non-classifiee","odd"],"_links":{"self":[{"href":"https:\/\/www.unidroit.org\/fr\/wp-json\/wp\/v2\/posts\/11233","targetHints":{"allow":["GET"]}}],"collection":[{"href":"https:\/\/www.unidroit.org\/fr\/wp-json\/wp\/v2\/posts"}],"about":[{"href":"https:\/\/www.unidroit.org\/fr\/wp-json\/wp\/v2\/types\/post"}],"author":[{"embeddable":true,"href":"https:\/\/www.unidroit.org\/fr\/wp-json\/wp\/v2\/users\/8"}],"replies":[{"embeddable":true,"href":"https:\/\/www.unidroit.org\/fr\/wp-json\/wp\/v2\/comments?post=11233"}],"version-history":[{"count":0,"href":"https:\/\/www.unidroit.org\/fr\/wp-json\/wp\/v2\/posts\/11233\/revisions"}],"wp:featuredmedia":[{"embeddable":true,"href":"https:\/\/www.unidroit.org\/fr\/wp-json\/wp\/v2\/media\/11245"}],"wp:attachment":[{"href":"https:\/\/www.unidroit.org\/fr\/wp-json\/wp\/v2\/media?parent=11233"}],"wp:term":[{"taxonomy":"category","embeddable":true,"href":"https:\/\/www.unidroit.org\/fr\/wp-json\/wp\/v2\/categories?post=11233"},{"taxonomy":"post_tag","embeddable":true,"href":"https:\/\/www.unidroit.org\/fr\/wp-json\/wp\/v2\/tags?post=11233"}],"curies":[{"name":"wp","href":"https:\/\/api.w.org\/{rel}","templated":true}]}}