{"id":11828,"date":"2021-12-15T23:46:28","date_gmt":"2021-12-15T22:46:28","guid":{"rendered":"https:\/\/www.unidroit.org\/?p=11828"},"modified":"2021-12-15T23:48:43","modified_gmt":"2021-12-15T22:48:43","slug":"les-projets-dunidroit-et-la-technologie","status":"publish","type":"post","link":"https:\/\/www.unidroit.org\/fr\/les-projets-dunidroit-et-la-technologie\/","title":{"rendered":"\u201cLes projets d&#8217;UNIDROIT et la technologie\u201d"},"content":{"rendered":"<p style=\"text-align: justify;\">Le 10 d\u00e9cembre 2021, UNIDROIT, l&#8217;Universit\u00e9 de Turin et le Centre international de formation de l&#8217;Organisation internationale du travail (CIF-OIT) ont organis\u00e9 conjointement un webinaire intitul\u00e9 \u201cLes projets d&#8217;UNIDROIT et la technologie\u201d.<\/p>\n<p style=\"text-align: justify;\">En introduction, la Professeure Cristina Poncib\u00f2 (Universit\u00e9 de Turin) a pr\u00e9sent\u00e9 le programme du webinaire. Le panel \u00e9tait compos\u00e9 de la Professeure Anna Veneziano, Secr\u00e9taire G\u00e9n\u00e9rale adjointe d&#8217;UNIDROIT, de la Professeure Teresa Rodriguez de las Heras Ballell, r\u00e9cipiendaire de la Bourse Sir Roy Goode, et de Mme Philine Wehling, Juriste \u00e0 Unidroit. Les Professeurs Poncib\u00f2 et Gustavo Prieto (Universit\u00e9 de Gand) y ont particip\u00e9 en qualit\u00e9 d\u2019orateurs.<\/p>\n<p style=\"text-align: justify;\">Ont \u00e9t\u00e9 pr\u00e9sent\u00e9s les travaux de l&#8217;Institut relatifs \u00e0 la technologie en g\u00e9n\u00e9ral, ainsi que deux projets en cours qui ont un int\u00e9r\u00eat particulier pour la technologie: le projet sur les Meilleures pratiques pour des proc\u00e9dures d&#8217;ex\u00e9cution efficace et le projet conjoint CNUDCI\/UNIDROIT sur l&#8217;\u00e9laboration d&#8217;une Loi type sur les r\u00e9c\u00e9piss\u00e9s d&#8217;entrep\u00f4t. Les pr\u00e9sentations ont \u00e9t\u00e9 suivies d&#8217;une session anim\u00e9e de questions-r\u00e9ponses avec les \u00e9tudiants de troisi\u00e8me cycle du Programme LLM sur le Droit commercial international au CTI-OIT.<\/p>\n<p style=\"text-align: justify;\">Le webinaire s\u2019inscrivait dans le cadre du Programme de ma\u00eetrise en droit du commerce international, qui est organis\u00e9 conjointement par le CTI-OIT, l&#8217;Universit\u00e9 de Turin et l&#8217;Institut universitaire d&#8217;\u00e9tudes europ\u00e9ennes en collaboration avec l&#8217;\u00c9cole de d\u00e9veloppement de Turin. UNIDROIT est officiellement devenu une organisation partenaire de ce Programme en 2019.<\/p>\n<p style=\"text-align: justify;\">Pour en savoir plus sur le programme LLM CIF-OIT en droit commercial international, cliquez <a href=\"https:\/\/www.itcilo.org\/fr\/courses\/master-laws-international-trade-law-ed-2021-2022\" target=\"_blank\" rel=\"noopener\">ici.<\/a><\/p>\n<p style=\"text-align: justify;\">Pour en savoir plus sur le projet Meilleures pratiques pour des proc\u00e9dures d\u2019ex\u00e9cution efficace, cliquez <a href=\"https:\/\/www.unidroit.org\/fr\/travaux-en-cours\/execution-meilleures-pratiques\/\">ici<\/a>.<\/p>\n<p style=\"text-align: justify;\">Pour en savoir plus sur le projet de Loi type CNUDCI\/UNIDROIT sur les r\u00e9c\u00e9piss\u00e9s d&#8217;entrep\u00f4t, cliquez <a href=\"https:\/\/www.unidroit.org\/fr\/etudes\/loi-type-recepisses-dentrepot\/\">ici<\/a>.<\/p>\n","protected":false},"excerpt":{"rendered":"<p>Le 10 d\u00e9cembre 2021, UNIDROIT, l&#8217;Universit\u00e9 de Turin et le Centre international de formation de l&#8217;Organisation internationale du travail (CIF-OIT) ont organis\u00e9 conjointement un webinaire intitul\u00e9 \u201cLes projets d&#8217;UNIDROIT et la technologie\u201d. En introduction, la Professeure Cristina Poncib\u00f2 (Universit\u00e9 de Turin) a pr\u00e9sent\u00e9 le programme&nbsp;<a href=\"https:\/\/www.unidroit.org\/fr\/les-projets-dunidroit-et-la-technologie\/\">&hellip;<\/a><\/p>\n","protected":false},"author":20,"featured_media":11823,"comment_status":"closed","ping_status":"open","sticky":false,"template":"","format":"standard","meta":{"ep_exclude_from_search":false,"footnotes":""},"categories":[79,222,220],"tags":[],"class_list":["post-11828","post","type-post","status-publish","format-standard","has-post-thumbnail","hentry","category-actualites","category-effective-enforcement-fr","category-warehouse-fr-2","odd"],"_links":{"self":[{"href":"https:\/\/www.unidroit.org\/fr\/wp-json\/wp\/v2\/posts\/11828","targetHints":{"allow":["GET"]}}],"collection":[{"href":"https:\/\/www.unidroit.org\/fr\/wp-json\/wp\/v2\/posts"}],"about":[{"href":"https:\/\/www.unidroit.org\/fr\/wp-json\/wp\/v2\/types\/post"}],"author":[{"embeddable":true,"href":"https:\/\/www.unidroit.org\/fr\/wp-json\/wp\/v2\/users\/20"}],"replies":[{"embeddable":true,"href":"https:\/\/www.unidroit.org\/fr\/wp-json\/wp\/v2\/comments?post=11828"}],"version-history":[{"count":0,"href":"https:\/\/www.unidroit.org\/fr\/wp-json\/wp\/v2\/posts\/11828\/revisions"}],"wp:featuredmedia":[{"embeddable":true,"href":"https:\/\/www.unidroit.org\/fr\/wp-json\/wp\/v2\/media\/11823"}],"wp:attachment":[{"href":"https:\/\/www.unidroit.org\/fr\/wp-json\/wp\/v2\/media?parent=11828"}],"wp:term":[{"taxonomy":"category","embeddable":true,"href":"https:\/\/www.unidroit.org\/fr\/wp-json\/wp\/v2\/categories?post=11828"},{"taxonomy":"post_tag","embeddable":true,"href":"https:\/\/www.unidroit.org\/fr\/wp-json\/wp\/v2\/tags?post=11828"}],"curies":[{"name":"wp","href":"https:\/\/api.w.org\/{rel}","templated":true}]}}