{"id":12889,"date":"2022-02-18T12:22:02","date_gmt":"2022-02-18T11:22:02","guid":{"rendered":"https:\/\/www.unidroit.org\/?p=12889"},"modified":"2022-02-18T15:15:22","modified_gmt":"2022-02-18T14:15:22","slug":"mondiacult-2022-unidroit-participe-aux-reunions-de-consultation-regionale-sur-les-politiques-culturelles-en-afrique-en-amerique-latine-et-dans-les-caraibes","status":"publish","type":"post","link":"https:\/\/www.unidroit.org\/fr\/mondiacult-2022-unidroit-participe-aux-reunions-de-consultation-regionale-sur-les-politiques-culturelles-en-afrique-en-amerique-latine-et-dans-les-caraibes\/","title":{"rendered":"MONDIACULT 2022 &#8211; UNIDROIT PARTICIPE AUX R\u00c9UNIONS DE CONSULTATION R\u00c9GIONALE SUR LES POLITIQUES CULTURELLES EN AFRIQUE, EN AM\u00c9RIQUE LATINE ET DANS LES CARA\u00cfBES"},"content":{"rendered":"<p><img loading=\"lazy\" decoding=\"async\" class=\"size-medium wp-image-12890 alignleft\" src=\"https:\/\/www.unidroit.org\/wp-content\/uploads\/2022\/02\/imag1-300x138.png\" alt=\"\" width=\"300\" height=\"138\" srcset=\"https:\/\/www.unidroit.org\/wp-content\/uploads\/2022\/02\/imag1-300x138.png 300w, https:\/\/www.unidroit.org\/wp-content\/uploads\/2022\/02\/imag1-1024x470.png 1024w, https:\/\/www.unidroit.org\/wp-content\/uploads\/2022\/02\/imag1.png 1099w\" sizes=\"auto, (max-width: 300px) 100vw, 300px\" \/><\/p>\n<p><strong>\u00a0<\/strong><\/p>\n<p style=\"text-align: justify;\">En vue de la conf\u00e9rence Mondiacult 2022 qui se tiendra au Mexique en septembre prochain, l\u2019UNESCO a organis\u00e9, sous la pr\u00e9sidence du S\u00e9n\u00e9gal, la consultation r\u00e9gionale Afrique sur les politiques culturelles et le d\u00e9veloppement durable les 30 janvier et 1<sup>er<\/sup> f\u00e9vrier 2022 puis, sous la pr\u00e9sidence du Mexique, la consultation r\u00e9gionale Am\u00e9rique latine et Cara\u00efbes les 14 et 15 f\u00e9vrier 2022.<\/p>\n<p style=\"text-align: justify;\">UNIDROIT a \u00e9t\u00e9 invit\u00e9 aux deux r\u00e9unions et y a \u00e9t\u00e9 repr\u00e9sent\u00e9 par Marina Schneider, Juriste principale et D\u00e9positaire des trait\u00e9s (Afrique) et par Anna Veneziano, Secr\u00e9taire G\u00e9n\u00e9rale adjointe (Am\u00e9rique latine et Cara\u00efbes). Ce fut l\u2019occasion de rappeler le r\u00f4le des <a href=\"https:\/\/www.unidroit.org\/fr\/instruments\/biens-culturels\/convention-de-1995\/\">instruments d\u2019UNIDROIT<\/a> en mati\u00e8re de protection internationale des biens culturels qui permettent non seulement de lutter efficacement contre les abus commis dans le cadre du commerce international des biens culturels, mais contribuent \u00e9galement \u00e0 accro\u00eetre la s\u00e9curit\u00e9 juridique dans la circulation et le commerce des biens culturels dans le monde.<\/p>\n<p style=\"text-align: justify;\">Les acteurs ont red\u00e9fini les priorit\u00e9s imm\u00e9diates et futures en termes de politiques culturelles afin de porter la voix de leurs continents en perspectives de l\u2019\u00e9laboration d\u2019un nouvel agenda mondial sur la question. Ils ont mis en \u00e9vidence les priorit\u00e9s, d\u00e9fis et opportunit\u00e9s ainsi que les questions \u00e9mergentes, mais ont \u00e9galement formul\u00e9 des recommandations en vue de renforcer les politiques culturelles, r\u00e9affirmer le r\u00f4le de la culture dans le d\u00e9veloppement durable et ainsi construire un secteur plus robuste et r\u00e9silient qui r\u00e9pond aux enjeux actuels.<\/p>\n<p style=\"text-align: justify;\">Les participants ont rappel\u00e9 qu\u2019il est indispensable de renforcer le multilat\u00e9ralisme \u00e0 l\u2019\u00e9chelle r\u00e9gionale pour tirer b\u00e9n\u00e9fice des nouvelles potentialit\u00e9s et ont exprim\u00e9 une volont\u00e9 commune de trouver des r\u00e9ponses \u00e0 ces enjeux. En particulier, les \u00e9changes lors de la consultation Afrique notamment ont \u00e9galement \u00e9t\u00e9 marqu\u00e9s par un ralliement collectif autour de la restitution des biens culturels avec une forte volont\u00e9 des \u00c9tats africains de coop\u00e9rer sur ce chantier commun et d\u2019adopter une voix africaine sur la sc\u00e8ne internationale. L\u2019importance de la <a href=\"https:\/\/www.unidroit.org\/fr\/instruments\/biens-culturels\/convention-de-1995\/\">Convention d\u2019UNIDROIT de 1995<\/a> sur les biens culturels vol\u00e9s ou illicitement export\u00e9s pour \u00e9tablir un m\u00e9canisme uniforme pour l\u2019avenir a maintes fois \u00e9t\u00e9 rappel\u00e9e.<\/p>\n<p style=\"text-align: justify;\">Liens utiles :<\/p>\n<ul>\n<li style=\"text-align: justify;\">Pour plus d\u2019information sur la Conf\u00e9rence mondiale de l\u2019UNESCO sur les politiques culturelles et le d\u00e9veloppement (Mexique, 28 au 30 septembre 2022):\u00a0<a href=\"https:\/\/www.unesco.org\/en\/mondiacult2022\" target=\"_blank\" rel=\"noopener\">https:\/\/www.unesco.org\/en\/mondiacult2022<\/a><\/li>\n<\/ul>\n<p><img loading=\"lazy\" decoding=\"async\" class=\"size-medium wp-image-12892 aligncenter\" src=\"https:\/\/www.unidroit.org\/wp-content\/uploads\/2022\/02\/imag2-300x133.png\" alt=\"\" width=\"300\" height=\"133\" srcset=\"https:\/\/www.unidroit.org\/wp-content\/uploads\/2022\/02\/imag2-300x133.png 300w, https:\/\/www.unidroit.org\/wp-content\/uploads\/2022\/02\/imag2.png 902w\" sizes=\"auto, (max-width: 300px) 100vw, 300px\" \/><\/p>\n<p>&nbsp;<\/p>\n<p><img loading=\"lazy\" decoding=\"async\" class=\"aligncenter wp-image-12894 size-medium\" src=\"https:\/\/www.unidroit.org\/wp-content\/uploads\/2022\/02\/imag3-300x156.png\" alt=\"\" width=\"300\" height=\"156\" srcset=\"https:\/\/www.unidroit.org\/wp-content\/uploads\/2022\/02\/imag3-300x156.png 300w, https:\/\/www.unidroit.org\/wp-content\/uploads\/2022\/02\/imag3.png 692w\" sizes=\"auto, (max-width: 300px) 100vw, 300px\" \/>\u00a0 <img loading=\"lazy\" decoding=\"async\" class=\"wp-image-12896 size-medium aligncenter\" src=\"https:\/\/www.unidroit.org\/wp-content\/uploads\/2022\/02\/imag4-300x179.png\" alt=\"\" width=\"300\" height=\"179\" srcset=\"https:\/\/www.unidroit.org\/wp-content\/uploads\/2022\/02\/imag4-300x179.png 300w, https:\/\/www.unidroit.org\/wp-content\/uploads\/2022\/02\/imag4-1024x611.png 1024w, https:\/\/www.unidroit.org\/wp-content\/uploads\/2022\/02\/imag4.png 1680w\" sizes=\"auto, (max-width: 300px) 100vw, 300px\" \/><\/p>\n<p style=\"text-align: center;\"><em>S.E. Mme Alejandra Frausto Guerrero, Secr\u00e9taire \u00e0 la Culture du Gouvernement du Mexique. Pr\u00e9sidente de la Consultation r\u00e9gionale<\/em><\/p>\n<p>&nbsp;<\/p>\n<p><img loading=\"lazy\" decoding=\"async\" class=\"size-medium wp-image-12898 aligncenter\" src=\"https:\/\/www.unidroit.org\/wp-content\/uploads\/2022\/02\/imag5-300x179.png\" alt=\"\" width=\"300\" height=\"179\" srcset=\"https:\/\/www.unidroit.org\/wp-content\/uploads\/2022\/02\/imag5-300x179.png 300w, https:\/\/www.unidroit.org\/wp-content\/uploads\/2022\/02\/imag5-1024x611.png 1024w, https:\/\/www.unidroit.org\/wp-content\/uploads\/2022\/02\/imag5.png 1680w\" sizes=\"auto, (max-width: 300px) 100vw, 300px\" \/><\/p>\n<p>&nbsp;<\/p>\n","protected":false},"excerpt":{"rendered":"<p>\u00a0 En vue de la conf\u00e9rence Mondiacult 2022 qui se tiendra au Mexique en septembre prochain, l\u2019UNESCO a organis\u00e9, sous la pr\u00e9sidence du S\u00e9n\u00e9gal, la consultation r\u00e9gionale Afrique sur les politiques culturelles et le d\u00e9veloppement durable les 30 janvier et 1er f\u00e9vrier 2022 puis, sous&nbsp;<a href=\"https:\/\/www.unidroit.org\/fr\/mondiacult-2022-unidroit-participe-aux-reunions-de-consultation-regionale-sur-les-politiques-culturelles-en-afrique-en-amerique-latine-et-dans-les-caraibes\/\">&hellip;<\/a><\/p>\n","protected":false},"author":19,"featured_media":12890,"comment_status":"closed","ping_status":"open","sticky":false,"template":"","format":"standard","meta":{"ep_exclude_from_search":false,"footnotes":""},"categories":[79,168],"tags":[],"class_list":["post-12889","post","type-post","status-publish","format-standard","has-post-thumbnail","hentry","category-actualites","category-cultural-property-2","odd"],"_links":{"self":[{"href":"https:\/\/www.unidroit.org\/fr\/wp-json\/wp\/v2\/posts\/12889","targetHints":{"allow":["GET"]}}],"collection":[{"href":"https:\/\/www.unidroit.org\/fr\/wp-json\/wp\/v2\/posts"}],"about":[{"href":"https:\/\/www.unidroit.org\/fr\/wp-json\/wp\/v2\/types\/post"}],"author":[{"embeddable":true,"href":"https:\/\/www.unidroit.org\/fr\/wp-json\/wp\/v2\/users\/19"}],"replies":[{"embeddable":true,"href":"https:\/\/www.unidroit.org\/fr\/wp-json\/wp\/v2\/comments?post=12889"}],"version-history":[{"count":0,"href":"https:\/\/www.unidroit.org\/fr\/wp-json\/wp\/v2\/posts\/12889\/revisions"}],"wp:featuredmedia":[{"embeddable":true,"href":"https:\/\/www.unidroit.org\/fr\/wp-json\/wp\/v2\/media\/12890"}],"wp:attachment":[{"href":"https:\/\/www.unidroit.org\/fr\/wp-json\/wp\/v2\/media?parent=12889"}],"wp:term":[{"taxonomy":"category","embeddable":true,"href":"https:\/\/www.unidroit.org\/fr\/wp-json\/wp\/v2\/categories?post=12889"},{"taxonomy":"post_tag","embeddable":true,"href":"https:\/\/www.unidroit.org\/fr\/wp-json\/wp\/v2\/tags?post=12889"}],"curies":[{"name":"wp","href":"https:\/\/api.w.org\/{rel}","templated":true}]}}