{"id":13428,"date":"2021-12-16T17:58:51","date_gmt":"2021-12-16T16:58:51","guid":{"rendered":"https:\/\/www.unidroit.org\/unidroit-digital-assets-and-private-law-project-presented-to-ilas-committee-on-digital-challenges-for-international-law\/"},"modified":"2022-03-18T08:47:53","modified_gmt":"2022-03-18T07:47:53","slug":"unidroit-digital-assets-and-private-law-project-presented-to-ilas-committee-on-digital-challenges-for-international-law","status":"publish","type":"post","link":"https:\/\/www.unidroit.org\/fr\/unidroit-digital-assets-and-private-law-project-presented-to-ilas-committee-on-digital-challenges-for-international-law\/","title":{"rendered":"Le projet d&#8217;UNIDROIT sur les actifs num\u00e9riques et le droit priv\u00e9 a \u00e9t\u00e9 pr\u00e9sent\u00e9 au Comit\u00e9 de l&#8217;ADI sur les d\u00e9fis du num\u00e9rique pour le droit international"},"content":{"rendered":"<p><img loading=\"lazy\" decoding=\"async\" class=\"size-medium wp-image-13413 alignleft\" src=\"https:\/\/www.unidroit.org\/wp-content\/uploads\/2022\/03\/LogoILAFr-300x252.png\" alt=\"\" width=\"300\" height=\"252\" srcset=\"https:\/\/www.unidroit.org\/wp-content\/uploads\/2022\/03\/LogoILAFr-300x252.png 300w, https:\/\/www.unidroit.org\/wp-content\/uploads\/2022\/03\/LogoILAFr.png 656w\" sizes=\"auto, (max-width: 300px) 100vw, 300px\" \/><\/p>\n<p>Le 16 d\u00e9cembre 2021, Carlo Di Nicola, fonctionnaire juridique principal, a fait une pr\u00e9sentation sur le <a href=\"https:\/\/www.unidroit.org\/fr\/travaux-en-cours\/actifs-numeriques\/\">projet d&#8217;UNIDROIT sur les actifs num\u00e9riques et le droit priv\u00e9<\/a> lors de la session du panel sur le num\u00e9rique du <a href=\"https:\/\/www.ilaparis2023.org\/livres-blancs\/le-defi-du-numerique-pour-le-droit-international\/\" target=\"_blank\" rel=\"noopener\">Comit\u00e9 sur les d\u00e9fis du num\u00e9rique pour le droit international<\/a> de l&#8217;Association de droit international (ADI), l&#8217;un des groupes de travail mis en place pour les c\u00e9l\u00e9brations des 150 ans de l\u2019ADI.<\/p>\n<p>Les coordinateurs de la table ronde sont Anne-Thida Norodom, professeur (droit public), Universit\u00e9 Paris Descartes, Aude G\u00e9ry, docteur en droit, sp\u00e9cialiste de la cybers\u00e9curit\u00e9, et Fran\u00e7ois Delerue, chercheur en cyberd\u00e9fense et droit international, IRSEM. Les contributions fournies lors de la table ronde serviront de base \u00e0 la publication par l&#8217;ADI d&#8217;un livre blanc sur les d\u00e9fis du num\u00e9rique pour le droit international.<\/p>\n<p>Pour en savoir plus sur le projet d&#8217;UNIDROIT sur les actifs num\u00e9riques et le droit priv\u00e9, consultez le site <a href=\"https:\/\/www.unidroit.org\/fr\/travaux-en-cours\/actifs-numeriques\/\">https:\/\/www.unidroit.org\/fr\/travaux-en-cours\/actifs-numeriques\/<\/a>.<\/p>\n<p>&nbsp;<\/p>\n","protected":false},"excerpt":{"rendered":"<p>Le 16 d\u00e9cembre 2021, Carlo Di Nicola, fonctionnaire juridique principal, a fait une pr\u00e9sentation sur le projet d&#8217;UNIDROIT sur les actifs num\u00e9riques et le droit priv\u00e9 lors de la session du panel sur le num\u00e9rique du Comit\u00e9 sur les d\u00e9fis du num\u00e9rique pour le droit&nbsp;<a href=\"https:\/\/www.unidroit.org\/fr\/unidroit-digital-assets-and-private-law-project-presented-to-ilas-committee-on-digital-challenges-for-international-law\/\">&hellip;<\/a><\/p>\n","protected":false},"author":20,"featured_media":13411,"comment_status":"closed","ping_status":"closed","sticky":false,"template":"","format":"gallery","meta":{"ep_exclude_from_search":false,"footnotes":""},"categories":[79,213,214],"tags":[],"class_list":["post-13428","post","type-post","status-publish","format-gallery","has-post-thumbnail","hentry","category-actualites","category-digital-assets-private-law-fr","category-law-technology-fr","post_format-post-format-gallery","odd"],"_links":{"self":[{"href":"https:\/\/www.unidroit.org\/fr\/wp-json\/wp\/v2\/posts\/13428","targetHints":{"allow":["GET"]}}],"collection":[{"href":"https:\/\/www.unidroit.org\/fr\/wp-json\/wp\/v2\/posts"}],"about":[{"href":"https:\/\/www.unidroit.org\/fr\/wp-json\/wp\/v2\/types\/post"}],"author":[{"embeddable":true,"href":"https:\/\/www.unidroit.org\/fr\/wp-json\/wp\/v2\/users\/20"}],"replies":[{"embeddable":true,"href":"https:\/\/www.unidroit.org\/fr\/wp-json\/wp\/v2\/comments?post=13428"}],"version-history":[{"count":0,"href":"https:\/\/www.unidroit.org\/fr\/wp-json\/wp\/v2\/posts\/13428\/revisions"}],"wp:featuredmedia":[{"embeddable":true,"href":"https:\/\/www.unidroit.org\/fr\/wp-json\/wp\/v2\/media\/13411"}],"wp:attachment":[{"href":"https:\/\/www.unidroit.org\/fr\/wp-json\/wp\/v2\/media?parent=13428"}],"wp:term":[{"taxonomy":"category","embeddable":true,"href":"https:\/\/www.unidroit.org\/fr\/wp-json\/wp\/v2\/categories?post=13428"},{"taxonomy":"post_tag","embeddable":true,"href":"https:\/\/www.unidroit.org\/fr\/wp-json\/wp\/v2\/tags?post=13428"}],"curies":[{"name":"wp","href":"https:\/\/api.w.org\/{rel}","templated":true}]}}