{"id":13679,"date":"2022-04-04T12:20:20","date_gmt":"2022-04-04T10:20:20","guid":{"rendered":"https:\/\/www.unidroit.org\/?p=13679"},"modified":"2022-04-04T12:20:20","modified_gmt":"2022-04-04T10:20:20","slug":"unidroit-participe-au-programme-itc-ilo-llm-en-droit-du-commerce-international-3","status":"publish","type":"post","link":"https:\/\/www.unidroit.org\/fr\/unidroit-participe-au-programme-itc-ilo-llm-en-droit-du-commerce-international-3\/","title":{"rendered":"UNIDROIT PARTICIPE AU PROGRAMME ITC-ILO LLM EN DROIT DU COMMERCE INTERNATIONAL"},"content":{"rendered":"<p style=\"text-align: justify;\"><img loading=\"lazy\" decoding=\"async\" class=\"size-medium wp-image-13676 alignleft\" src=\"https:\/\/www.unidroit.org\/wp-content\/uploads\/2022\/04\/ITCILO-logo-300x184.png\" alt=\"\" width=\"300\" height=\"184\" srcset=\"https:\/\/www.unidroit.org\/wp-content\/uploads\/2022\/04\/ITCILO-logo-300x184.png 300w, https:\/\/www.unidroit.org\/wp-content\/uploads\/2022\/04\/ITCILO-logo.png 360w\" sizes=\"auto, (max-width: 300px) 100vw, 300px\" \/><\/p>\n<p style=\"text-align: justify;\">Les 28 et 29 mars 2022, Mme Philine Wehling, Fonctionnaire d\u2019UNIDROIT, a tenu une conf\u00e9rence intitul\u00e9e \u201cUNIDROIT &amp; the UNIDROIT Principles of International Commercial Contracts\u201d (UNIDROIT et Les Principes d\u2019UNIDROIT relatifs aux contrats du commerce international) devant un groupe d\u2019\u00e9tudiants de troisi\u00e8me cycle du Centre international de formation de l\u2019Organisation internationale du travail (CIF-OIT) \u00e0 Turin.<\/p>\n<p style=\"text-align: justify;\">La conf\u00e9rence de deux jours a pr\u00e9sent\u00e9 aux \u00e9tudiants le mandat et les m\u00e9thodes de travail d\u2019UNIDROIT, pour ensuite se centrer sur les Principes d\u2019UNIDROIT relatifs aux contrats du commerce international. Les \u00e9tudiants ont appris l\u2019origine et l\u2019applicabilit\u00e9 des Principes d\u2019UNIDROIT, et ont examin\u00e9 les articles cl\u00e9s des Principes, couvrant le cycle de vie d\u2019un contrat commercial international. Par la suite, le groupe a explor\u00e9 l\u2019influence des Principes d\u2019UNIDROIT sur les diff\u00e9rents instruments \u00e9labor\u00e9s sous les auspices d\u2019UNIDROIT, tels que le Guide juridique sur l\u2019agriculture contractuelle UNIDROIT\/FAO\/FIDA et le Guide juridique sur les contrats d\u2019investissement en terres agricoles foncier agricole UNIDROIT\/FIDA.<\/p>\n<p style=\"text-align: justify;\">La conf\u00e9rence s\u2019inscrivait dans le cadre du programme de Master of Laws in International Trade Law, organis\u00e9 conjointement par le CTI-OIT, l\u2019Universit\u00e9 de Turin et l\u2019Institut universitaire d\u2019\u00e9tudes europ\u00e9ennes en collaboration avec la Turin School of Development.<\/p>\n<p><img loading=\"lazy\" decoding=\"async\" class=\"alignnone size-medium wp-image-13681\" src=\"https:\/\/www.unidroit.org\/wp-content\/uploads\/2022\/04\/arrow7-25x16.png\" alt=\"\" width=\"25\" height=\"16\" \/><a href=\"https:\/\/www.itcilo.org\/fr\/courses\/master-laws-international-trade-law-ed-2021-2022\" target=\"_blank\" rel=\"noopener\">ITC-ILO LLM Programme in International Trade Law<\/a><\/p>\n<p><img loading=\"lazy\" decoding=\"async\" class=\"alignnone size-medium wp-image-13681\" src=\"https:\/\/www.unidroit.org\/wp-content\/uploads\/2022\/04\/arrow7-25x16.png\" alt=\"\" width=\"25\" height=\"16\" \/><a href=\"https:\/\/www.unidroit.org\/fr\/instruments\/contrats-du-commerce\/principes-dunidroit-2016\/\">Principes d\u2019UNIDROIT relatifs aux contrats du commerce international<\/a><\/p>\n<p>&nbsp;<\/p>\n<p><img loading=\"lazy\" decoding=\"async\" class=\"size-medium wp-image-13674 aligncenter\" src=\"https:\/\/www.unidroit.org\/wp-content\/uploads\/2022\/04\/ITC-ILO-2022-scaled-300x169.jpg\" alt=\"\" width=\"300\" height=\"169\" srcset=\"https:\/\/www.unidroit.org\/wp-content\/uploads\/2022\/04\/ITC-ILO-2022-scaled-300x169.jpg 300w, https:\/\/www.unidroit.org\/wp-content\/uploads\/2022\/04\/ITC-ILO-2022-scaled-1024x576.jpg 1024w\" sizes=\"auto, (max-width: 300px) 100vw, 300px\" \/><\/p>\n","protected":false},"excerpt":{"rendered":"<p>Les 28 et 29 mars 2022, Mme Philine Wehling, Fonctionnaire d\u2019UNIDROIT, a tenu une conf\u00e9rence intitul\u00e9e \u201cUNIDROIT &amp; the UNIDROIT Principles of International Commercial Contracts\u201d (UNIDROIT et Les Principes d\u2019UNIDROIT relatifs aux contrats du commerce international) devant un groupe d\u2019\u00e9tudiants de troisi\u00e8me cycle du Centre&nbsp;<a href=\"https:\/\/www.unidroit.org\/fr\/unidroit-participe-au-programme-itc-ilo-llm-en-droit-du-commerce-international-3\/\">&hellip;<\/a><\/p>\n","protected":false},"author":19,"featured_media":13676,"comment_status":"closed","ping_status":"open","sticky":false,"template":"","format":"standard","meta":{"ep_exclude_from_search":false,"footnotes":""},"categories":[79,127,200],"tags":[],"class_list":["post-13679","post","type-post","status-publish","format-standard","has-post-thumbnail","hentry","category-actualites","category-contrats","category-principles-uppic-fr","odd"],"_links":{"self":[{"href":"https:\/\/www.unidroit.org\/fr\/wp-json\/wp\/v2\/posts\/13679","targetHints":{"allow":["GET"]}}],"collection":[{"href":"https:\/\/www.unidroit.org\/fr\/wp-json\/wp\/v2\/posts"}],"about":[{"href":"https:\/\/www.unidroit.org\/fr\/wp-json\/wp\/v2\/types\/post"}],"author":[{"embeddable":true,"href":"https:\/\/www.unidroit.org\/fr\/wp-json\/wp\/v2\/users\/19"}],"replies":[{"embeddable":true,"href":"https:\/\/www.unidroit.org\/fr\/wp-json\/wp\/v2\/comments?post=13679"}],"version-history":[{"count":0,"href":"https:\/\/www.unidroit.org\/fr\/wp-json\/wp\/v2\/posts\/13679\/revisions"}],"wp:featuredmedia":[{"embeddable":true,"href":"https:\/\/www.unidroit.org\/fr\/wp-json\/wp\/v2\/media\/13676"}],"wp:attachment":[{"href":"https:\/\/www.unidroit.org\/fr\/wp-json\/wp\/v2\/media?parent=13679"}],"wp:term":[{"taxonomy":"category","embeddable":true,"href":"https:\/\/www.unidroit.org\/fr\/wp-json\/wp\/v2\/categories?post=13679"},{"taxonomy":"post_tag","embeddable":true,"href":"https:\/\/www.unidroit.org\/fr\/wp-json\/wp\/v2\/tags?post=13679"}],"curies":[{"name":"wp","href":"https:\/\/api.w.org\/{rel}","templated":true}]}}