{"id":15257,"date":"2022-05-20T14:16:04","date_gmt":"2022-05-20T12:16:04","guid":{"rendered":"https:\/\/www.unidroit.org\/?p=15257"},"modified":"2022-05-20T14:16:04","modified_gmt":"2022-05-20T12:16:04","slug":"appel-a-candidatures-titulaire-de-la-chaire-unidroit-maeci","status":"publish","type":"post","link":"https:\/\/www.unidroit.org\/fr\/appel-a-candidatures-titulaire-de-la-chaire-unidroit-maeci\/","title":{"rendered":"Appel \u00e0 candidatures &#8211; Titulaire de la Chaire UNIDROIT\/MAECI"},"content":{"rendered":"<p><img loading=\"lazy\" decoding=\"async\" class=\"alignnone wp-image-15252 size-large\" src=\"https:\/\/www.unidroit.org\/wp-content\/uploads\/2022\/05\/Image1LSAE-488x96.jpg\" alt=\"\" width=\"488\" height=\"96\" srcset=\"https:\/\/www.unidroit.org\/wp-content\/uploads\/2022\/05\/Image1LSAE.jpg 488w, https:\/\/www.unidroit.org\/wp-content\/uploads\/2022\/05\/Image1LSAE-300x59.jpg 300w\" sizes=\"auto, (max-width: 488px) 100vw, 488px\" \/><\/p>\n<p style=\"text-align: justify;\">Dans le cadre du <strong>Programme de Chaire UNIDROIT &#8211; Minist\u00e8re italien des Affaires \u00e9trang\u00e8res et de la Coop\u00e9ration internationale (MAECI)<\/strong>, le Secr\u00e9tariat d&#8217;UNIDROIT lance un appel \u00e0 candidatures pour le poste de titulaire de Chaire\/Chercheur<\/p>\n<p style=\"text-align: justify;\">Le nouveau Programme de Chaire UNIDROIT-MAECI dans le domaine du droit priv\u00e9 et du d\u00e9veloppement durable. Ce programme vise globalement \u00e0 impliquer un professeur\/chercheur senior ou \u00e0 mi-carri\u00e8re dans le d\u00e9veloppement du projet UNIDROIT\/FAO\/FIDA sur la <a href=\"https:\/\/www.unidroit.org\/fr\/travaux-en-cours\/structure-jurid-agro-entreprises\/\">Structure juridique des entreprises agricoles<\/a> (SJEA). Le candidat doit assister le Secr\u00e9tariat dans la recherche comparative et la collecte de donn\u00e9es, ainsi que dans l\u2019analyse de la parit\u00e9 des sexes dans les diff\u00e9rentes formes de collaboration des entreprises agricoles prises en consid\u00e9ration dans le projet SJEA. En outre, il coop\u00e9rera avec le Secr\u00e9tariat d\u2019UNIDROIT dans le cadre d\u2019activit\u00e9s visant \u00e0 la mise en \u0153uvre d\u2019autres guides juridiques d\u00e9j\u00e0 \u00e9labor\u00e9s par UNIDROIT (par exemple, celui sur <a href=\"https:\/\/www.unidroit.org\/fr\/instruments\/agriculture-contractuelle\/presentation\/\">l\u2019Agriculture contractuelle<\/a> et sur les <a href=\"https:\/\/www.unidroit.org\/fr\/instruments\/agriculture\/cita\/presentation\/\">Contrats d\u2019investissement en terres agricoles<\/a>).<\/p>\n<p>Pour plus de d\u00e9tails, veuillez consulter le texte int\u00e9gral de l&#8217;appel <strong><a href=\"https:\/\/www.unidroit.org\/wp-content\/uploads\/2022\/05\/Call-for-applications-UNIDROIT-MAECI-1.pdf\">ici<\/a><\/strong>. (en anglais)<\/p>\n<p>&nbsp;<\/p>\n","protected":false},"excerpt":{"rendered":"<p>Dans le cadre du Programme de Chaire UNIDROIT &#8211; Minist\u00e8re italien des Affaires \u00e9trang\u00e8res et de la Coop\u00e9ration internationale (MAECI), le Secr\u00e9tariat d&#8217;UNIDROIT lance un appel \u00e0 candidatures pour le poste de titulaire de Chaire\/Chercheur Le nouveau Programme de Chaire UNIDROIT-MAECI dans le domaine du&nbsp;<a href=\"https:\/\/www.unidroit.org\/fr\/appel-a-candidatures-titulaire-de-la-chaire-unidroit-maeci\/\">&hellip;<\/a><\/p>\n","protected":false},"author":19,"featured_media":15252,"comment_status":"closed","ping_status":"open","sticky":false,"template":"","format":"standard","meta":{"ep_exclude_from_search":false,"footnotes":""},"categories":[79,235],"tags":[],"class_list":["post-15257","post","type-post","status-publish","format-standard","has-post-thumbnail","hentry","category-actualites","category-legal-structure-of-agricultural-enterprises-fr","odd"],"_links":{"self":[{"href":"https:\/\/www.unidroit.org\/fr\/wp-json\/wp\/v2\/posts\/15257","targetHints":{"allow":["GET"]}}],"collection":[{"href":"https:\/\/www.unidroit.org\/fr\/wp-json\/wp\/v2\/posts"}],"about":[{"href":"https:\/\/www.unidroit.org\/fr\/wp-json\/wp\/v2\/types\/post"}],"author":[{"embeddable":true,"href":"https:\/\/www.unidroit.org\/fr\/wp-json\/wp\/v2\/users\/19"}],"replies":[{"embeddable":true,"href":"https:\/\/www.unidroit.org\/fr\/wp-json\/wp\/v2\/comments?post=15257"}],"version-history":[{"count":0,"href":"https:\/\/www.unidroit.org\/fr\/wp-json\/wp\/v2\/posts\/15257\/revisions"}],"wp:featuredmedia":[{"embeddable":true,"href":"https:\/\/www.unidroit.org\/fr\/wp-json\/wp\/v2\/media\/15252"}],"wp:attachment":[{"href":"https:\/\/www.unidroit.org\/fr\/wp-json\/wp\/v2\/media?parent=15257"}],"wp:term":[{"taxonomy":"category","embeddable":true,"href":"https:\/\/www.unidroit.org\/fr\/wp-json\/wp\/v2\/categories?post=15257"},{"taxonomy":"post_tag","embeddable":true,"href":"https:\/\/www.unidroit.org\/fr\/wp-json\/wp\/v2\/tags?post=15257"}],"curies":[{"name":"wp","href":"https:\/\/api.w.org\/{rel}","templated":true}]}}