{"id":15986,"date":"2022-06-28T09:16:21","date_gmt":"2022-06-28T07:16:21","guid":{"rendered":"https:\/\/www.unidroit.org\/?p=15986"},"modified":"2022-08-30T17:02:18","modified_gmt":"2022-08-30T15:02:18","slug":"unidroit-et-hong-kong-signent-un-protocole-daccord-de-cooperation","status":"publish","type":"post","link":"https:\/\/www.unidroit.org\/fr\/unidroit-et-hong-kong-signent-un-protocole-daccord-de-cooperation\/","title":{"rendered":"UNIDROIT et Hong Kong signent un Protocole d\u2019accord de coop\u00e9ration"},"content":{"rendered":"<p style=\"text-align: justify;\"><img loading=\"lazy\" decoding=\"async\" class=\"wp-image-15988 size-medium alignleft\" src=\"https:\/\/www.unidroit.org\/wp-content\/uploads\/2022\/06\/MoU1-300x97.png\" alt=\"\" width=\"300\" height=\"97\" srcset=\"https:\/\/www.unidroit.org\/wp-content\/uploads\/2022\/06\/MoU1-300x97.png 300w, https:\/\/www.unidroit.org\/wp-content\/uploads\/2022\/06\/MoU1-1024x332.png 1024w, https:\/\/www.unidroit.org\/wp-content\/uploads\/2022\/06\/MoU1.png 1915w\" sizes=\"auto, (max-width: 300px) 100vw, 300px\" \/>Vendredi 27 mai 2022, lors d\u2019une c\u00e9r\u00e9monie de signature virtuelle, la Pr\u00e9sidente d\u2019UNIDROIT, Professeure Maria Chiara Malaguti, et la Secr\u00e9taire \u00e0 la Justice de la R\u00e9gion administrative sp\u00e9ciale (RAS) de Hong Kong de la R\u00e9publique populaire de Chine, Mme Teresa Cheng SC, ont sign\u00e9 un Protocole d\u2019accord sur la coop\u00e9ration en mati\u00e8re de droit international priv\u00e9, en particulier de droit commercial international. Le Protocole pr\u00e9voit qu\u2019UNIDROIT et la RAS de Hong Kong collaborent au d\u00e9veloppement et \u00e0 la promotion des diff\u00e9rents aspects du droit priv\u00e9 transnational dans la r\u00e9gion Asie-Pacifique avec l\u2019organisation d&#8217;\u00e9v\u00e9nements et autres initiatives.\u00a0 Dans son discours d\u2019ouverture, la Pr\u00e9sidente a adress\u00e9 ses sinc\u00e8res remerciements \u00e0 la RAS de Hong Kong pour son \u00e9troite coop\u00e9ration et a indiqu\u00e9 qu\u2019UNIDROIT se r\u00e9jouissait de la mise en \u0153uvre du Protocole. Il s\u2019agit du deuxi\u00e8me Protocole d\u2019accord sign\u00e9 entre UNIDROIT et la RAS de Hong Kong, apr\u00e8s la conclusion d\u2019un Protocole d\u2019&#8217;accord permettant le d\u00e9tachement de juristes en 2021.<\/p>\n","protected":false},"excerpt":{"rendered":"<p>Vendredi 27 mai 2022, lors d\u2019une c\u00e9r\u00e9monie de signature virtuelle, la Pr\u00e9sidente d\u2019UNIDROIT, Professeure Maria Chiara Malaguti, et la Secr\u00e9taire \u00e0 la Justice de la R\u00e9gion administrative sp\u00e9ciale (RAS) de Hong Kong de la R\u00e9publique populaire de Chine, Mme Teresa Cheng SC, ont sign\u00e9 un&nbsp;<a href=\"https:\/\/www.unidroit.org\/fr\/unidroit-et-hong-kong-signent-un-protocole-daccord-de-cooperation\/\">&hellip;<\/a><\/p>\n","protected":false},"author":19,"featured_media":15988,"comment_status":"closed","ping_status":"closed","sticky":false,"template":"","format":"standard","meta":{"ep_exclude_from_search":false,"footnotes":""},"categories":[79],"tags":[],"class_list":["post-15986","post","type-post","status-publish","format-standard","has-post-thumbnail","hentry","category-actualites","odd"],"_links":{"self":[{"href":"https:\/\/www.unidroit.org\/fr\/wp-json\/wp\/v2\/posts\/15986","targetHints":{"allow":["GET"]}}],"collection":[{"href":"https:\/\/www.unidroit.org\/fr\/wp-json\/wp\/v2\/posts"}],"about":[{"href":"https:\/\/www.unidroit.org\/fr\/wp-json\/wp\/v2\/types\/post"}],"author":[{"embeddable":true,"href":"https:\/\/www.unidroit.org\/fr\/wp-json\/wp\/v2\/users\/19"}],"replies":[{"embeddable":true,"href":"https:\/\/www.unidroit.org\/fr\/wp-json\/wp\/v2\/comments?post=15986"}],"version-history":[{"count":0,"href":"https:\/\/www.unidroit.org\/fr\/wp-json\/wp\/v2\/posts\/15986\/revisions"}],"wp:featuredmedia":[{"embeddable":true,"href":"https:\/\/www.unidroit.org\/fr\/wp-json\/wp\/v2\/media\/15988"}],"wp:attachment":[{"href":"https:\/\/www.unidroit.org\/fr\/wp-json\/wp\/v2\/media?parent=15986"}],"wp:term":[{"taxonomy":"category","embeddable":true,"href":"https:\/\/www.unidroit.org\/fr\/wp-json\/wp\/v2\/categories?post=15986"},{"taxonomy":"post_tag","embeddable":true,"href":"https:\/\/www.unidroit.org\/fr\/wp-json\/wp\/v2\/tags?post=15986"}],"curies":[{"name":"wp","href":"https:\/\/api.w.org\/{rel}","templated":true}]}}