{"id":16766,"date":"2022-08-09T16:34:40","date_gmt":"2022-08-09T14:34:40","guid":{"rendered":"https:\/\/www.unidroit.org\/?p=16766"},"modified":"2022-08-09T16:41:25","modified_gmt":"2022-08-09T14:41:25","slug":"le-maroc-adhere-a-la-convention-dunidroit-de-1995-sur-les-biens-culturels-voles-ou-illicitement-exportes","status":"publish","type":"post","link":"https:\/\/www.unidroit.org\/fr\/le-maroc-adhere-a-la-convention-dunidroit-de-1995-sur-les-biens-culturels-voles-ou-illicitement-exportes\/","title":{"rendered":"LE MAROC ADH\u00c8RE \u00c0 LA CONVENTION D\u2019UNIDROIT DE 1995 SUR LES BIENS CULTURELS VOL\u00c9S OU ILLICITEMENT EXPORT\u00c9S"},"content":{"rendered":"<p><img loading=\"lazy\" decoding=\"async\" class=\"size-medium wp-image-16770 alignleft\" src=\"https:\/\/www.unidroit.org\/wp-content\/uploads\/2022\/08\/Logo-124x126.png\" alt=\"\" width=\"124\" height=\"126\" \/><\/p>\n<p style=\"text-align: justify;\">L\u2019instrument d\u2019adh\u00e9sion \u00e0 la Convention d\u2019UNIDROIT de 1995 a \u00e9t\u00e9 d\u00e9pos\u00e9 par le Royaume du Maroc aupr\u00e8s du Gouvernement italien, D\u00e9positaire de la Convention, avec les d\u00e9clarations obligatoires, le 3 ao\u00fbt 2022. La Convention entrera ainsi en vigueur pour le Maroc le 1er f\u00e9vrier 2023. Cette adh\u00e9sion vient renforcer l\u2019arsenal juridique de protection du patrimoine du Maroc et de lutte contre le trafic illicite de biens culturels.<\/p>\n<p style=\"text-align: justify;\">En adh\u00e9rant \u00e0 la Convention, le Maroc adopte, pour l\u2019avenir, des m\u00e9canismes sp\u00e9cifiques qui faciliteront la restitution de biens culturels vol\u00e9s et le retour de biens culturels illicitement export\u00e9s.<\/p>\n<p style=\"text-align: justify;\">Le Maroc devient le 54<sup>\u00e8me<\/sup> \u00c9tat contractant \u00e0 la Convention d\u2019UNIDROIT de 1995.<\/p>\n<p style=\"text-align: justify;\">-&gt; Pour plus de d\u00e9tails concernant la Convention, voir la\u00a0<a href=\"http:\/\/www.unidroit.org\/french\/conventions\/1995culturalproperty\/main.htm\">page<\/a><\/p>\n<p style=\"text-align: justify;\">-&gt; Pour l\u2019\u00e9tat de mise en \u0153uvre complet, voir la\u00a0<a href=\"http:\/\/www.unidroit.org\/fr\/etat-signatures-ratifications-cp\">page<\/a><\/p>\n<p>&nbsp;<\/p>\n<p>&nbsp;<\/p>\n","protected":false},"excerpt":{"rendered":"<p>L\u2019instrument d\u2019adh\u00e9sion \u00e0 la Convention d\u2019UNIDROIT de 1995 a \u00e9t\u00e9 d\u00e9pos\u00e9 par le Royaume du Maroc aupr\u00e8s du Gouvernement italien, D\u00e9positaire de la Convention, avec les d\u00e9clarations obligatoires, le 3 ao\u00fbt 2022. La Convention entrera ainsi en vigueur pour le Maroc le 1er f\u00e9vrier 2023.&nbsp;<a href=\"https:\/\/www.unidroit.org\/fr\/le-maroc-adhere-a-la-convention-dunidroit-de-1995-sur-les-biens-culturels-voles-ou-illicitement-exportes\/\">&hellip;<\/a><\/p>\n","protected":false},"author":19,"featured_media":12057,"comment_status":"closed","ping_status":"open","sticky":false,"template":"","format":"standard","meta":{"ep_exclude_from_search":false,"footnotes":""},"categories":[217,79,218],"tags":[],"class_list":["post-16766","post","type-post","status-publish","format-standard","has-post-thumbnail","hentry","category-1995-convention-fr","category-actualites","category-cultural-property-fr","odd"],"_links":{"self":[{"href":"https:\/\/www.unidroit.org\/fr\/wp-json\/wp\/v2\/posts\/16766","targetHints":{"allow":["GET"]}}],"collection":[{"href":"https:\/\/www.unidroit.org\/fr\/wp-json\/wp\/v2\/posts"}],"about":[{"href":"https:\/\/www.unidroit.org\/fr\/wp-json\/wp\/v2\/types\/post"}],"author":[{"embeddable":true,"href":"https:\/\/www.unidroit.org\/fr\/wp-json\/wp\/v2\/users\/19"}],"replies":[{"embeddable":true,"href":"https:\/\/www.unidroit.org\/fr\/wp-json\/wp\/v2\/comments?post=16766"}],"version-history":[{"count":0,"href":"https:\/\/www.unidroit.org\/fr\/wp-json\/wp\/v2\/posts\/16766\/revisions"}],"wp:featuredmedia":[{"embeddable":true,"href":"https:\/\/www.unidroit.org\/fr\/wp-json\/wp\/v2\/media\/12057"}],"wp:attachment":[{"href":"https:\/\/www.unidroit.org\/fr\/wp-json\/wp\/v2\/media?parent=16766"}],"wp:term":[{"taxonomy":"category","embeddable":true,"href":"https:\/\/www.unidroit.org\/fr\/wp-json\/wp\/v2\/categories?post=16766"},{"taxonomy":"post_tag","embeddable":true,"href":"https:\/\/www.unidroit.org\/fr\/wp-json\/wp\/v2\/tags?post=16766"}],"curies":[{"name":"wp","href":"https:\/\/api.w.org\/{rel}","templated":true}]}}