{"id":17230,"date":"2022-10-06T17:31:57","date_gmt":"2022-10-06T15:31:57","guid":{"rendered":"https:\/\/www.unidroit.org\/?p=17230"},"modified":"2022-10-06T17:31:57","modified_gmt":"2022-10-06T15:31:57","slug":"participation-dunidroit-a-la-4eme-conference-pour-un-partenariat-academique-euro-africain","status":"publish","type":"post","link":"https:\/\/www.unidroit.org\/fr\/participation-dunidroit-a-la-4eme-conference-pour-un-partenariat-academique-euro-africain\/","title":{"rendered":"PARTICIPATION D\u2019UNIDROIT \u00c0 LA 4\u00c8ME CONF\u00c9RENCE POUR UN PARTENARIAT ACAD\u00c9MIQUE EURO-AFRICAIN"},"content":{"rendered":"<p style=\"text-align: justify;\">Le 30 septembre 2022, UNIDROIT a particip\u00e9 \u00e0 la 4\u00e8me Conf\u00e9rence pour un partenariat acad\u00e9mique euro-africain, organis\u00e9e par l\u2019ICCROM, en collaboration avec l\u2019Universit\u00e9 de Teramo et le Dioc\u00e8se de Teramo-Atri, IZS, UNIDROIT, ICOMOS et sous les auspices du Minist\u00e8re italien des Affaires \u00e9trang\u00e8res et de la Coop\u00e9ration internationale. La Conf\u00e9rence a \u00e9t\u00e9 organis\u00e9e dans le cadre du 5<sup>\u00e8me<\/sup> Forum international du Gran Sasso.<\/p>\n<p style=\"text-align: justify;\">La Professeure Maria-Chiara Malaguti, Pr\u00e9sidente d\u2019UNIDROIT, a ouvert la Conf\u00e9rence. Philine Wehling, Fonctionnaire, a fait une pr\u00e9sentation sur &#8220;Promouvoir le d\u00e9veloppement durable par le biais du droit priv\u00e9: les projets actuels d\u2019UNIDROIT&#8221;, illustrant comment les travaux d\u2019UNIDROIT contribuent aux Objectifs de d\u00e9veloppement durable.<\/p>\n<p style=\"text-align: justify;\">La Conf\u00e9rence a permis \u00e0 des universitaires et \u00e0 des juristes issus de milieux multidisciplinaires de proc\u00e9der \u00e0 une \u00e9valuation approfondie afin de faire le point sur la n\u00e9cessit\u00e9 d\u2019une coop\u00e9ration plus \u00e9troite entre l\u2019Afrique et l\u2019Europe en mati\u00e8re de recherche et de formation.<\/p>\n<p style=\"text-align: justify;\">Pour en savoir plus sur le Forum international de Gran Sasso: \u00a0<a href=\"https:\/\/www.unite.it\/UniTE\/Home\/IV_Forum_internazionale_del_Gran_Sasso\" target=\"_blank\" rel=\"noopener\">https:\/\/www.unite.it\/UniTE\/Home\/IV_Forum_internazionale_del_Gran_Sasso<\/a><\/p>\n<p>&nbsp;<\/p>\n<p><img loading=\"lazy\" decoding=\"async\" class=\"size-medium wp-image-17227 aligncenter\" src=\"https:\/\/www.unidroit.org\/wp-content\/uploads\/2022\/10\/Img01-300x235.png\" alt=\"\" width=\"300\" height=\"235\" srcset=\"https:\/\/www.unidroit.org\/wp-content\/uploads\/2022\/10\/Img01-300x235.png 300w, https:\/\/www.unidroit.org\/wp-content\/uploads\/2022\/10\/Img01.png 913w\" sizes=\"auto, (max-width: 300px) 100vw, 300px\" \/><\/p>\n","protected":false},"excerpt":{"rendered":"<p>Le 30 septembre 2022, UNIDROIT a particip\u00e9 \u00e0 la 4\u00e8me Conf\u00e9rence pour un partenariat acad\u00e9mique euro-africain, organis\u00e9e par l\u2019ICCROM, en collaboration avec l\u2019Universit\u00e9 de Teramo et le Dioc\u00e8se de Teramo-Atri, IZS, UNIDROIT, ICOMOS et sous les auspices du Minist\u00e8re italien des Affaires \u00e9trang\u00e8res et de&nbsp;<a href=\"https:\/\/www.unidroit.org\/fr\/participation-dunidroit-a-la-4eme-conference-pour-un-partenariat-academique-euro-africain\/\">&hellip;<\/a><\/p>\n","protected":false},"author":19,"featured_media":17227,"comment_status":"closed","ping_status":"open","sticky":false,"template":"","format":"standard","meta":{"ep_exclude_from_search":false,"footnotes":""},"categories":[79,124,206],"tags":[],"class_list":["post-17230","post","type-post","status-publish","format-standard","has-post-thumbnail","hentry","category-actualites","category-agriculture-fr","category-secured-transactions-fr","odd"],"_links":{"self":[{"href":"https:\/\/www.unidroit.org\/fr\/wp-json\/wp\/v2\/posts\/17230","targetHints":{"allow":["GET"]}}],"collection":[{"href":"https:\/\/www.unidroit.org\/fr\/wp-json\/wp\/v2\/posts"}],"about":[{"href":"https:\/\/www.unidroit.org\/fr\/wp-json\/wp\/v2\/types\/post"}],"author":[{"embeddable":true,"href":"https:\/\/www.unidroit.org\/fr\/wp-json\/wp\/v2\/users\/19"}],"replies":[{"embeddable":true,"href":"https:\/\/www.unidroit.org\/fr\/wp-json\/wp\/v2\/comments?post=17230"}],"version-history":[{"count":0,"href":"https:\/\/www.unidroit.org\/fr\/wp-json\/wp\/v2\/posts\/17230\/revisions"}],"wp:featuredmedia":[{"embeddable":true,"href":"https:\/\/www.unidroit.org\/fr\/wp-json\/wp\/v2\/media\/17227"}],"wp:attachment":[{"href":"https:\/\/www.unidroit.org\/fr\/wp-json\/wp\/v2\/media?parent=17230"}],"wp:term":[{"taxonomy":"category","embeddable":true,"href":"https:\/\/www.unidroit.org\/fr\/wp-json\/wp\/v2\/categories?post=17230"},{"taxonomy":"post_tag","embeddable":true,"href":"https:\/\/www.unidroit.org\/fr\/wp-json\/wp\/v2\/tags?post=17230"}],"curies":[{"name":"wp","href":"https:\/\/api.w.org\/{rel}","templated":true}]}}