{"id":17281,"date":"2022-10-11T10:39:24","date_gmt":"2022-10-11T08:39:24","guid":{"rendered":"https:\/\/www.unidroit.org\/?p=17281"},"modified":"2022-10-11T10:40:48","modified_gmt":"2022-10-11T08:40:48","slug":"unidroit-participe-a-mondiacult-2022-au-mexique","status":"publish","type":"post","link":"https:\/\/www.unidroit.org\/fr\/unidroit-participe-a-mondiacult-2022-au-mexique\/","title":{"rendered":"UNIDROIT PARTICIPE A MONDIACULT 2022 AU MEXIQUE"},"content":{"rendered":"<p style=\"text-align: justify;\"><em><img loading=\"lazy\" decoding=\"async\" class=\"size-medium wp-image-17278 alignleft\" src=\"https:\/\/www.unidroit.org\/wp-content\/uploads\/2022\/10\/Img01-1-298x300.png\" alt=\"\" width=\"298\" height=\"300\" srcset=\"https:\/\/www.unidroit.org\/wp-content\/uploads\/2022\/10\/Img01-1-298x300.png 298w, https:\/\/www.unidroit.org\/wp-content\/uploads\/2022\/10\/Img01-1.png 391w, https:\/\/www.unidroit.org\/wp-content\/uploads\/2022\/10\/Img01-1-150x150.png 150w\" sizes=\"auto, (max-width: 298px) 100vw, 298px\" \/><\/em><\/p>\n<p style=\"text-align: justify;\"><em>\u201cPour le gouvernement du Mexique, la culture n\u2019est pas un accessoire ou un ornement, mais un axe central pour la transformation des r\u00e9alit\u00e9s et des dynamiques mondiales, \u00e0 travers la diversit\u00e9 culturelle comme la plus grande richesse des nations. MONDIACULT 2022 repr\u00e9sente une opportunit\u00e9 unique de continuer \u00e0 construire un agenda commun, o\u00f9 la culture est plac\u00e9e au centre de l\u2019Agenda global de d\u00e9veloppement, avec la diversit\u00e9 et les cultures vivantes comme protagonistes des politiques de d\u00e9veloppement, et avec la culture comme v\u00e9hicule de paix, de bien-\u00eatre et de g\u00e9n\u00e9ration de soci\u00e9t\u00e9s inclusives.\u201d<\/em><\/p>\n<p style=\"text-align: justify;\">Alejandra Frausto Guerrero<\/p>\n<p style=\"text-align: justify;\"><em>Secr\u00e9taire \u00e0 la culture du gouvernement du Mexique<\/em><\/p>\n<p>&nbsp;<\/p>\n<p style=\"text-align: justify;\">Le Professeur Ignacio Tirado, Secr\u00e9taire g\u00e9n\u00e9ral d\u2019UNIDROIT, ainsi que Mme Marina Schneider, Juriste principale et D\u00e9positaire des trait\u00e9s d\u2019UNIDROIT, ont particip\u00e9 \u00e0 la Conf\u00e9rence mondiale de l\u2019UNESCO sur les politiques culturelles et le d\u00e9veloppement durable, qui s\u2019est tenue du 28 au 30 septembre 2022 \u00e0 Mexico, et qui a r\u00e9uni pr\u00e8s de 2600 participants, 150 d\u00e9l\u00e9gations d\u2019\u00c9tats, 135 ministres de la culture, 32 organisations intergouvernementales, 83 organisations non gouvernementales et 9 agences des Nations Unies, un chiffre de participation qui d\u00e9passe celui de toutes les r\u00e9unions organis\u00e9es par l\u2019UNESCO jusqu\u2019\u00e0 pr\u00e9sent.<\/p>\n<p style=\"text-align: justify;\">\u00c0 la lumi\u00e8re de la transformation du secteur culturel et des difficult\u00e9s rencontr\u00e9es, le d\u00e9fi consistait \u00e0 examiner les politiques culturelles n\u00e9cessaires \u00e0 la construction d\u2019un secteur culturel plus fort et plus r\u00e9silient, ancr\u00e9 dans les opportunit\u00e9s de d\u00e9veloppement durable. Les participants ont engag\u00e9 des discussions au cours de deux sessions pl\u00e9ni\u00e8res, quatre sessions th\u00e9matiques et de nombreux \u00e9v\u00e9nements parall\u00e8les. Le Secr\u00e9taire g\u00e9n\u00e9ral d\u2019UNIDROIT est intervenu en tant qu\u2019observateur lors de la deuxi\u00e8me <a href=\"https:\/\/mondiacult2022.cultura.gob.mx\/evento\/heritage-and-cultural-diversity-in-crisis-2\" target=\"_blank\" rel=\"noopener\">Session Minist\u00e9rielle Th\u00e9matique<\/a> sur \u201cLe patrimoine et la diversit\u00e9 culturelle en crise\u201d et Mme Schneider a mod\u00e9r\u00e9 la troisi\u00e8me <a href=\"https:\/\/mondiacult2022.cultura.gob.mx\/evento\/heritage-and-cultural-diversity-in-crisis-3\" target=\"_blank\" rel=\"noopener\">Session Minist\u00e9rielle Th\u00e9matique<\/a> sur le m\u00eame sujet.<\/p>\n<p>&nbsp;<\/p>\n<p>&nbsp;<\/p>\n<p><img loading=\"lazy\" decoding=\"async\" class=\"alignnone size-medium wp-image-17276\" src=\"https:\/\/www.unidroit.org\/wp-content\/uploads\/2022\/10\/Img02-300x197.png\" alt=\"\" width=\"300\" height=\"197\" srcset=\"https:\/\/www.unidroit.org\/wp-content\/uploads\/2022\/10\/Img02-300x197.png 300w, https:\/\/www.unidroit.org\/wp-content\/uploads\/2022\/10\/Img02-1024x672.png 1024w, https:\/\/www.unidroit.org\/wp-content\/uploads\/2022\/10\/Img02.png 1220w\" sizes=\"auto, (max-width: 300px) 100vw, 300px\" \/> \u00a0\u00a0\u00a0\u00a0\u00a0\u00a0\u00a0\u00a0\u00a0\u00a0\u00a0\u00a0\u00a0\u00a0 <img loading=\"lazy\" decoding=\"async\" class=\"alignnone size-medium wp-image-17274\" src=\"https:\/\/www.unidroit.org\/wp-content\/uploads\/2022\/10\/Img03-300x267.png\" alt=\"\" width=\"300\" height=\"267\" srcset=\"https:\/\/www.unidroit.org\/wp-content\/uploads\/2022\/10\/Img03-300x267.png 300w, https:\/\/www.unidroit.org\/wp-content\/uploads\/2022\/10\/Img03.png 461w\" sizes=\"auto, (max-width: 300px) 100vw, 300px\" \/><\/p>\n<p style=\"text-align: left;\">\u00a0\u00a0\u00a0\u00a0\u00a0\u00a0\u00a0\u00a0\u00a0\u00a0\u00a0\u00a0\u00a0\u00a0\u00a0\u00a0\u00a0\u00a0\u00a0<span style=\"font-size: 10pt;\">\u00a0<\/span><em><span style=\"font-size: 10pt;\">\u00a0 Ignacio Tirado<\/span>\u00a0\u00a0\u00a0\u00a0<\/em> \u00a0\u00a0\u00a0\u00a0\u00a0\u00a0\u00a0\u00a0\u00a0\u00a0\u00a0\u00a0\u00a0\u00a0\u00a0\u00a0\u00a0\u00a0\u00a0\u00a0\u00a0\u00a0\u00a0\u00a0\u00a0\u00a0\u00a0\u00a0\u00a0\u00a0\u00a0\u00a0\u00a0\u00a0\u00a0\u00a0\u00a0\u00a0\u00a0 \u00a0 \u00a0 \u00a0 \u00a0 \u00a0\u00a0 \u00a0\u00a0\u00a0\u00a0 \u00a0 \u00a0 \u00a0 \u00a0 <span style=\"font-size: 10pt;\">\u00a0\u00a0 <em>Marina Schneider<\/em><\/span><\/p>\n<p>&nbsp;<\/p>\n<p style=\"text-align: justify;\">La D\u00e9claration finale a \u00e9t\u00e9 adopt\u00e9e par acclamation apr\u00e8s dix mois de n\u00e9gociations multilat\u00e9rales men\u00e9es par l\u2019UNESCO. Elle reconna\u00eet la culture comme un \u201cbien public mondial\u201d, adapte les politiques culturelles aux d\u00e9fis contemporains et souligne l\u2019importance d\u2019int\u00e9grer le patrimoine et la cr\u00e9ativit\u00e9 culturels dans les discussions internationales sur le changement climatique.<\/p>\n<p style=\"text-align: justify;\">La D\u00e9claration souligne \u00e9galement l\u2019engagement des \u00c9tats \u00e0 intensifier la lutte contre le trafic illicite de biens culturels et appelle \u00e0 un dialogue international ouvert et inclusif pour le retour et la restitution des biens culturels aux pays d\u2019origine. \u201cUn consensus tr\u00e8s clair s\u2019est d\u00e9gag\u00e9 de la part de pratiquement tous les ministres qui ont pris la parole pour reconna\u00eetre qu&#8217;il s\u2019agit d\u2019un probl\u00e8me de grande envergure et pour prendre des mesures qui, entre autres, consistent \u00e0 continuer \u00e0 soutenir et \u00e0 ratifier les instruments qui existent d\u00e9j\u00e0, comme la Convention d\u2019UNIDROIT de 1995 qui est le seul instrument \u00e9tablissant des m\u00e9canismes uniformes pour la restitution de biens culturels vol\u00e9s ou ill\u00e9galement export\u00e9s\u201d, a comment\u00e9 le professeur Ignacio Tirado (voir les paragraphes 14 et 16 de la D\u00e9claration). Le Mexique a r\u00e9cemment adh\u00e9r\u00e9 \u00e0 la Convention d\u2019UNIDROIT de 1995, qui entrera en vigueur pour le Mexique le 1er novembre 2022.<\/p>\n<p style=\"text-align: justify;\">Le texte adopt\u00e9 propose \u00e9galement que la culture soit incluse dans le Sommet de l\u2019avenir de l\u2019ONU en 2024 et qu\u2019un Forum mondial sur les politiques culturelles convoqu\u00e9 par l\u2019UNESCO soit organis\u00e9 tous les quatre ans, \u00e0 partir de 2025.<\/p>\n<p><a href=\"https:\/\/www.unesco.org\/sites\/default\/files\/medias\/fichiers\/2022\/10\/6.MONDIACULT_FR_DRAFT%20FINAL%20DECLARATION.pdf\" target=\"_blank\" rel=\"noopener\">Texte de la D\u00e9claration finale de MONDIACULT<\/a><\/p>\n<p><a href=\"https:\/\/www.unidroit.org\/fr\/instruments\/biens-culturels\/convention-de-1995\/\">Texte de la Convention d\u2019UNIDROIT de 1995<\/a><\/p>\n<p>&nbsp;<\/p>\n<p><img loading=\"lazy\" decoding=\"async\" class=\"size-medium wp-image-17272 aligncenter\" src=\"https:\/\/www.unidroit.org\/wp-content\/uploads\/2022\/10\/Img04-237x300.png\" alt=\"\" width=\"237\" height=\"300\" srcset=\"https:\/\/www.unidroit.org\/wp-content\/uploads\/2022\/10\/Img04-237x300.png 237w, https:\/\/www.unidroit.org\/wp-content\/uploads\/2022\/10\/Img04.png 543w\" sizes=\"auto, (max-width: 237px) 100vw, 237px\" \/><\/p>\n<p style=\"text-align: center;\"><span style=\"font-size: 10pt;\"><em>Alejandra Frausto Guerrero, Ministre de la Culture du Gouvernement mexicain, et Ignacio Tirado, Secr\u00e9taire G\u00e9n\u00e9ral d\u2019UNIDROIT<\/em><\/span><\/p>\n<p>&nbsp;<\/p>\n<p><img loading=\"lazy\" decoding=\"async\" class=\"size-medium wp-image-17270 aligncenter\" src=\"https:\/\/www.unidroit.org\/wp-content\/uploads\/2022\/10\/Img05-300x216.png\" alt=\"\" width=\"300\" height=\"216\" srcset=\"https:\/\/www.unidroit.org\/wp-content\/uploads\/2022\/10\/Img05-300x216.png 300w, https:\/\/www.unidroit.org\/wp-content\/uploads\/2022\/10\/Img05-1024x739.png 1024w, https:\/\/www.unidroit.org\/wp-content\/uploads\/2022\/10\/Img05.png 1077w\" sizes=\"auto, (max-width: 300px) 100vw, 300px\" \/><\/p>\n<p style=\"text-align: center;\"><em><span style=\"font-size: 10pt;\">Ignacio Tirado, Secr\u00e9taire G\u00e9n\u00e9ral d\u2019UNIDROIT, Alejandra Frausto Guerrero, Ministre de la Culture<br \/>\ndu Gouvernement mexicain, et Jorge S\u00e1nchez Cordero, member du Conseil de Direction d\u2019UNIDROIT<\/span><\/em><\/p>\n<p>&nbsp;<\/p>\n<p>&nbsp;<\/p>\n<p style=\"text-align: justify;\">\n","protected":false},"excerpt":{"rendered":"<p>\u201cPour le gouvernement du Mexique, la culture n\u2019est pas un accessoire ou un ornement, mais un axe central pour la transformation des r\u00e9alit\u00e9s et des dynamiques mondiales, \u00e0 travers la diversit\u00e9 culturelle comme la plus grande richesse des nations. MONDIACULT 2022 repr\u00e9sente une opportunit\u00e9 unique&nbsp;<a href=\"https:\/\/www.unidroit.org\/fr\/unidroit-participe-a-mondiacult-2022-au-mexique\/\">&hellip;<\/a><\/p>\n","protected":false},"author":19,"featured_media":17508,"comment_status":"closed","ping_status":"closed","sticky":false,"template":"","format":"standard","meta":{"ep_exclude_from_search":false,"footnotes":""},"categories":[217,79,218],"tags":[],"class_list":["post-17281","post","type-post","status-publish","format-standard","has-post-thumbnail","hentry","category-1995-convention-fr","category-actualites","category-cultural-property-fr","odd"],"_links":{"self":[{"href":"https:\/\/www.unidroit.org\/fr\/wp-json\/wp\/v2\/posts\/17281","targetHints":{"allow":["GET"]}}],"collection":[{"href":"https:\/\/www.unidroit.org\/fr\/wp-json\/wp\/v2\/posts"}],"about":[{"href":"https:\/\/www.unidroit.org\/fr\/wp-json\/wp\/v2\/types\/post"}],"author":[{"embeddable":true,"href":"https:\/\/www.unidroit.org\/fr\/wp-json\/wp\/v2\/users\/19"}],"replies":[{"embeddable":true,"href":"https:\/\/www.unidroit.org\/fr\/wp-json\/wp\/v2\/comments?post=17281"}],"version-history":[{"count":0,"href":"https:\/\/www.unidroit.org\/fr\/wp-json\/wp\/v2\/posts\/17281\/revisions"}],"wp:featuredmedia":[{"embeddable":true,"href":"https:\/\/www.unidroit.org\/fr\/wp-json\/wp\/v2\/media\/17508"}],"wp:attachment":[{"href":"https:\/\/www.unidroit.org\/fr\/wp-json\/wp\/v2\/media?parent=17281"}],"wp:term":[{"taxonomy":"category","embeddable":true,"href":"https:\/\/www.unidroit.org\/fr\/wp-json\/wp\/v2\/categories?post=17281"},{"taxonomy":"post_tag","embeddable":true,"href":"https:\/\/www.unidroit.org\/fr\/wp-json\/wp\/v2\/tags?post=17281"}],"curies":[{"name":"wp","href":"https:\/\/api.w.org\/{rel}","templated":true}]}}