{"id":17979,"date":"2022-11-08T11:05:25","date_gmt":"2022-11-08T10:05:25","guid":{"rendered":"https:\/\/www.unidroit.org\/unidroit-signs-mou-with-supreme-court-of-justice-of-paraguay\/"},"modified":"2022-11-09T12:19:42","modified_gmt":"2022-11-09T11:19:42","slug":"unidroit-signe-un-protocole-daccord-avec-la-cour-supreme-de-justice-du-paraguay","status":"publish","type":"post","link":"https:\/\/www.unidroit.org\/fr\/unidroit-signe-un-protocole-daccord-avec-la-cour-supreme-de-justice-du-paraguay\/","title":{"rendered":"UNIDROIT signe un Protocole d\u2019accord avec la Cour supr\u00eame de justice du Paraguay"},"content":{"rendered":"<p style=\"text-align: justify;\">Le vendredi 28 octobre 2022, le Secr\u00e9taire G\u00e9n\u00e9ral, Ignacio Tirado, et juge de la Cour supr\u00eame du Paraguay, le Ministre Eugenio Jim\u00e9nez Rol\u00f3n, ont sign\u00e9 un Protocole d\u2019accord visant \u00e0 renforcer les liens entre les institutions et \u00e0 \u00e9tablir un cadre officiel de coop\u00e9ration et de partage d\u2019informations sur des sujets d\u2019int\u00e9r\u00eat commun.<\/p>\n<p><img loading=\"lazy\" decoding=\"async\" class=\"alignnone size-medium wp-image-17960\" src=\"https:\/\/www.unidroit.org\/wp-content\/uploads\/2022\/11\/MoU-supreme-court-1-300x200.jpg\" alt=\"\" width=\"300\" height=\"200\" srcset=\"https:\/\/www.unidroit.org\/wp-content\/uploads\/2022\/11\/MoU-supreme-court-1-300x200.jpg 300w, https:\/\/www.unidroit.org\/wp-content\/uploads\/2022\/11\/MoU-supreme-court-1.jpg 960w\" sizes=\"auto, (max-width: 300px) 100vw, 300px\" \/><\/p>\n<p style=\"text-align: justify;\">La Pr\u00e9sidente d\u2019UNIDROIT, Maria Chiara Malaguti, le Secr\u00e9taire G\u00e9n\u00e9ral et la Secr\u00e9taire G\u00e9n\u00e9rale adjointe Anna Veneziano ont \u00e9t\u00e9 invit\u00e9s \u00e0 se rendre \u00e0 la Cour supr\u00eame pour l\u2019occasion, et ont rencontr\u00e9 les juges de la Cour supr\u00eame pour discuter de nouvelles voies de coop\u00e9ration et d\u2019\u00e9change.<\/p>\n<p style=\"text-align: justify;\">De plus amples informations concernant UNIDROIT \u00e0 Asunci\u00f3n:<\/p>\n<p><a href=\"https:\/\/www.unidroit.org\/xxi-iacl-congress-unidroit-and-banco-central-de-paraguay-sign-mou-at-joint-finance-workshop\/\">Acc\u00e8s au cr\u00e9dit et au financement<\/a><\/p>\n<p><a href=\"https:\/\/www.unidroit.org\/iacl-xxi-general-congress-unidroit-session-on-private-law-and-agriculture\/\">Droit priv\u00e9 et agriculture<\/a><\/p>\n<p><a href=\"https:\/\/www.unidroit.org\/xxi-iacl-general-congress-unidroit-session-on-upicc\/\">Principes d&#8217;UNIDROIT relatifs aux contrats du commerce international<\/a><\/p>\n<p><a href=\"https:\/\/www.unidroit.org\/fr\/unidroit-participe-au-xxieme-congres-general-de-laicl-a-asuncion-signature-dun-protocole-daccord\/\">Signature d&#8217;un Protocole d&#8217;accord avec l&#8217;AIDC<\/a><\/p>\n<p>&nbsp;<\/p>\n<p>&nbsp;<\/p>\n","protected":false},"excerpt":{"rendered":"<p>Le vendredi 28 octobre 2022, le Secr\u00e9taire G\u00e9n\u00e9ral, Ignacio Tirado, et juge de la Cour supr\u00eame du Paraguay, le Ministre Eugenio Jim\u00e9nez Rol\u00f3n, ont sign\u00e9 un Protocole d\u2019accord visant \u00e0 renforcer les liens entre les institutions et \u00e0 \u00e9tablir un cadre officiel de coop\u00e9ration et&nbsp;<a href=\"https:\/\/www.unidroit.org\/fr\/unidroit-signe-un-protocole-daccord-avec-la-cour-supreme-de-justice-du-paraguay\/\">&hellip;<\/a><\/p>\n","protected":false},"author":8,"featured_media":17960,"comment_status":"closed","ping_status":"closed","sticky":false,"template":"","format":"standard","meta":{"ep_exclude_from_search":false,"footnotes":""},"categories":[79,223,127,200,260],"tags":[],"class_list":["post-17979","post","type-post","status-publish","format-standard","has-post-thumbnail","hentry","category-actualites","category-civil-procedure-fr","category-contrats","category-principles-uppic-fr","category-unidroit-academy-fr","odd"],"_links":{"self":[{"href":"https:\/\/www.unidroit.org\/fr\/wp-json\/wp\/v2\/posts\/17979","targetHints":{"allow":["GET"]}}],"collection":[{"href":"https:\/\/www.unidroit.org\/fr\/wp-json\/wp\/v2\/posts"}],"about":[{"href":"https:\/\/www.unidroit.org\/fr\/wp-json\/wp\/v2\/types\/post"}],"author":[{"embeddable":true,"href":"https:\/\/www.unidroit.org\/fr\/wp-json\/wp\/v2\/users\/8"}],"replies":[{"embeddable":true,"href":"https:\/\/www.unidroit.org\/fr\/wp-json\/wp\/v2\/comments?post=17979"}],"version-history":[{"count":0,"href":"https:\/\/www.unidroit.org\/fr\/wp-json\/wp\/v2\/posts\/17979\/revisions"}],"wp:featuredmedia":[{"embeddable":true,"href":"https:\/\/www.unidroit.org\/fr\/wp-json\/wp\/v2\/media\/17960"}],"wp:attachment":[{"href":"https:\/\/www.unidroit.org\/fr\/wp-json\/wp\/v2\/media?parent=17979"}],"wp:term":[{"taxonomy":"category","embeddable":true,"href":"https:\/\/www.unidroit.org\/fr\/wp-json\/wp\/v2\/categories?post=17979"},{"taxonomy":"post_tag","embeddable":true,"href":"https:\/\/www.unidroit.org\/fr\/wp-json\/wp\/v2\/tags?post=17979"}],"curies":[{"name":"wp","href":"https:\/\/api.w.org\/{rel}","templated":true}]}}