{"id":18296,"date":"2022-11-18T15:42:20","date_gmt":"2022-11-18T14:42:20","guid":{"rendered":"https:\/\/www.unidroit.org\/unidroit-delegation-enhances-cooperation-with-the-republic-of-the-philippines\/"},"modified":"2022-11-18T15:45:38","modified_gmt":"2022-11-18T14:45:38","slug":"une-delegation-dunidroit-renforce-la-cooperation-avec-la-republique-des-philippines","status":"publish","type":"post","link":"https:\/\/www.unidroit.org\/fr\/une-delegation-dunidroit-renforce-la-cooperation-avec-la-republique-des-philippines\/","title":{"rendered":"Une d\u00e9l\u00e9gation d\u2019UNIDROIT renforce la coop\u00e9ration avec la R\u00e9publique des Philippines"},"content":{"rendered":"<p>Du 14 au 16 novembre 2022, une d\u00e9l\u00e9gation d\u2019UNIDROIT s\u2019est rendue \u00e0 Manille pour une s\u00e9rie de r\u00e9unions avec des repr\u00e9sentants du Gouvernement et des acteurs cl\u00e9s du pays. La mission a \u00e9t\u00e9 organis\u00e9e en partenariat avec le Professeur Virgilio de los Reyes (Doyen de la Facult\u00e9 de droit de l\u2019Universit\u00e9 De La Salle, Correspondant d\u2019UNIDROIT et membre du Groupe de travail du projet d\u2019UNIDROIT sur la Structure juridique des entreprises agricoles).<\/p>\n<p>Le 15 novembre, Ignacio Tirado, Secr\u00e9taire G\u00e9n\u00e9ral, Anna Veneziano, Secr\u00e9taire G\u00e9n\u00e9rale adjointe et William Brydie-Watson, Fonctionnaire principal, ont rencontr\u00e9 des hauts fonctionnaires du Minist\u00e8re des Affaires \u00e9trang\u00e8res de la R\u00e9publique des Philippines, notamment des repr\u00e9sentants du Bureau des Trait\u00e9s et des Affaires juridiques, du Bureau des Relations \u00e9conomiques internationales et du Bureau des Affaires europ\u00e9ennes. Le 16 novembre, la d\u00e9l\u00e9gation d\u2019UNIDROIT a rencontr\u00e9 le Sous-Secr\u00e9taire Jose R Cadiz Jr du Minist\u00e8re de la Justice de la R\u00e9publique des Philippines. Le 14 novembre, la Secr\u00e9taire G\u00e9n\u00e9ral adjointe Anna Veneziano a rencontr\u00e9 les membres ex\u00e9cutifs du Barreau philippin, notamment Ernestine Carmen Jo Desiderio Villareal-Fernando (2<sup>\u00e8me<\/sup> Vice-pr\u00e9sident), Peter Irving C Corvera (3<sup>\u00e8me<\/sup> Vice-pr\u00e9sident) et Rodel A. Cruz (ancien Pr\u00e9sident et consultant).<\/p>\n<p style=\"text-align: justify;\">Au cours des r\u00e9unions, les discussions ont port\u00e9 sur une vari\u00e9t\u00e9 de sujets, y compris i) les instruments d\u2019UNIDROIT et les projets en cours qui seraient particuli\u00e8rement avantageux pour la R\u00e9publique des Philippines, avec un accent sur les travaux d\u2019UNIDROIT sur l\u2019acc\u00e8s au financement et le droit et le d\u00e9veloppement agricoles; ii) les avantages de l\u2019adh\u00e9sion \u00e0 UNIDROIT; et iii) les initiatives de coop\u00e9ration r\u00e9gionale, y compris dans le cadre du forum de la Coop\u00e9ration \u00e9conomique Asie-Pacifique (APEC) et de l\u2019Association des Nations de l\u2019Asie du Sud-Est (ASEAN).<\/p>\n<p><img loading=\"lazy\" decoding=\"async\" class=\"alignnone size-medium wp-image-18287\" src=\"https:\/\/www.unidroit.org\/wp-content\/uploads\/2022\/11\/20221115_165741-Large-300x225.jpg\" alt=\"\" width=\"300\" height=\"225\" srcset=\"https:\/\/www.unidroit.org\/wp-content\/uploads\/2022\/11\/20221115_165741-Large-300x225.jpg 300w, https:\/\/www.unidroit.org\/wp-content\/uploads\/2022\/11\/20221115_165741-Large-1024x768.jpg 1024w, https:\/\/www.unidroit.org\/wp-content\/uploads\/2022\/11\/20221115_165741-Large.jpg 1440w\" sizes=\"auto, (max-width: 300px) 100vw, 300px\" \/> <img loading=\"lazy\" decoding=\"async\" class=\"alignnone size-medium wp-image-18293\" src=\"https:\/\/www.unidroit.org\/wp-content\/uploads\/2022\/11\/IMG-20221115-WA0002-Large-300x225.jpg\" alt=\"\" width=\"300\" height=\"225\" srcset=\"https:\/\/www.unidroit.org\/wp-content\/uploads\/2022\/11\/IMG-20221115-WA0002-Large-300x225.jpg 300w, https:\/\/www.unidroit.org\/wp-content\/uploads\/2022\/11\/IMG-20221115-WA0002-Large-1024x768.jpg 1024w, https:\/\/www.unidroit.org\/wp-content\/uploads\/2022\/11\/IMG-20221115-WA0002-Large.jpg 1440w\" sizes=\"auto, (max-width: 300px) 100vw, 300px\" \/> <img loading=\"lazy\" decoding=\"async\" class=\"alignnone size-medium wp-image-18289\" src=\"https:\/\/www.unidroit.org\/wp-content\/uploads\/2022\/11\/20221116_095123-Large-300x225.jpg\" alt=\"\" width=\"300\" height=\"225\" srcset=\"https:\/\/www.unidroit.org\/wp-content\/uploads\/2022\/11\/20221116_095123-Large-300x225.jpg 300w, https:\/\/www.unidroit.org\/wp-content\/uploads\/2022\/11\/20221116_095123-Large-1024x768.jpg 1024w, https:\/\/www.unidroit.org\/wp-content\/uploads\/2022\/11\/20221116_095123-Large.jpg 1440w\" sizes=\"auto, (max-width: 300px) 100vw, 300px\" \/><\/p>\n","protected":false},"excerpt":{"rendered":"<p>Du 14 au 16 novembre 2022, une d\u00e9l\u00e9gation d\u2019UNIDROIT s\u2019est rendue \u00e0 Manille pour une s\u00e9rie de r\u00e9unions avec des repr\u00e9sentants du Gouvernement et des acteurs cl\u00e9s du pays. La mission a \u00e9t\u00e9 organis\u00e9e en partenariat avec le Professeur Virgilio de los Reyes (Doyen de&nbsp;<a href=\"https:\/\/www.unidroit.org\/fr\/une-delegation-dunidroit-renforce-la-cooperation-avec-la-republique-des-philippines\/\">&hellip;<\/a><\/p>\n","protected":false},"author":15,"featured_media":18291,"comment_status":"closed","ping_status":"open","sticky":false,"template":"","format":"standard","meta":{"ep_exclude_from_search":false,"footnotes":""},"categories":[79,124,262],"tags":[],"class_list":["post-18296","post","type-post","status-publish","format-standard","has-post-thumbnail","hentry","category-actualites","category-agriculture-fr","category-nms-fr-2","odd"],"_links":{"self":[{"href":"https:\/\/www.unidroit.org\/fr\/wp-json\/wp\/v2\/posts\/18296","targetHints":{"allow":["GET"]}}],"collection":[{"href":"https:\/\/www.unidroit.org\/fr\/wp-json\/wp\/v2\/posts"}],"about":[{"href":"https:\/\/www.unidroit.org\/fr\/wp-json\/wp\/v2\/types\/post"}],"author":[{"embeddable":true,"href":"https:\/\/www.unidroit.org\/fr\/wp-json\/wp\/v2\/users\/15"}],"replies":[{"embeddable":true,"href":"https:\/\/www.unidroit.org\/fr\/wp-json\/wp\/v2\/comments?post=18296"}],"version-history":[{"count":0,"href":"https:\/\/www.unidroit.org\/fr\/wp-json\/wp\/v2\/posts\/18296\/revisions"}],"wp:featuredmedia":[{"embeddable":true,"href":"https:\/\/www.unidroit.org\/fr\/wp-json\/wp\/v2\/media\/18291"}],"wp:attachment":[{"href":"https:\/\/www.unidroit.org\/fr\/wp-json\/wp\/v2\/media?parent=18296"}],"wp:term":[{"taxonomy":"category","embeddable":true,"href":"https:\/\/www.unidroit.org\/fr\/wp-json\/wp\/v2\/categories?post=18296"},{"taxonomy":"post_tag","embeddable":true,"href":"https:\/\/www.unidroit.org\/fr\/wp-json\/wp\/v2\/tags?post=18296"}],"curies":[{"name":"wp","href":"https:\/\/api.w.org\/{rel}","templated":true}]}}