{"id":18340,"date":"2022-11-22T14:58:23","date_gmt":"2022-11-22T13:58:23","guid":{"rendered":"https:\/\/www.unidroit.org\/unidroit-and-the-asian-development-bank-hold-knowledge-sharing-event-in-manila\/"},"modified":"2022-11-22T15:27:17","modified_gmt":"2022-11-22T14:27:17","slug":"unidroit-and-the-asian-development-bank-hold-knowledge-sharing-event-in-manila","status":"publish","type":"post","link":"https:\/\/www.unidroit.org\/fr\/unidroit-and-the-asian-development-bank-hold-knowledge-sharing-event-in-manila\/","title":{"rendered":"UNIDROIT et la Banque asiatique de d\u00e9veloppement organisent un \u00e9v\u00e9nement sur le partage des connaissances \u00e0 Manille"},"content":{"rendered":"<p style=\"text-align: justify;\">Le 16 novembre 2022, une d\u00e9l\u00e9gation d\u2019UNIDROIT s\u2019est rendue au si\u00e8ge de la Banque asiatique de d\u00e9veloppement (BAD) \u00e0 Manille et a particip\u00e9 \u00e0 une session hybride sur les d\u00e9veloppements du droit international priv\u00e9 relatifs au d\u00e9veloppement du secteur priv\u00e9, au commerce et au d\u00e9veloppement durable. Le panel \u00e9tait compos\u00e9 du Conseiller g\u00e9n\u00e9ral de la BAD Thomas Clark (Pr\u00e9sident), de la Conseill\u00e8re g\u00e9n\u00e9rale adjointe de la BAD Cathy Marsh et de la Conseill\u00e8re principale de la BAD Christina Pak, ainsi que des pr\u00e9sentations du Secr\u00e9taire G\u00e9n\u00e9ral d\u2019UNIDROIT Ignacio Tirado, de la Secr\u00e9taire G\u00e9n\u00e9rale adjointe Anna Veneziano et du Fonctionnaire principal William Brydie-Watson. Les pr\u00e9sentations ont port\u00e9 sur i) les instruments d\u2019UNIDROIT qui facilitent l\u2019acc\u00e8s au cr\u00e9dit et le d\u00e9veloppement agricole, en mettant l\u2019accent sur la future Loi type sur les r\u00e9c\u00e9piss\u00e9s d\u2019entrep\u00f4t, la future Loi type sur l\u2019affacturage et le Protocole portant sur les mat\u00e9riels d\u2019\u00e9quipement minier, agricole et de construction \u00e0 la Convention du Cap; ii) le futur Guide juridique sur les actifs num\u00e9riques et le droit priv\u00e9; et iii) l\u2019engagement d\u2019UNIDROIT dans la r\u00e9gion Asie-Pacifique et les travaux futurs. L\u2019\u00e9v\u00e9nement a r\u00e9uni plus de 70 participants de la BAD, en personne ou en visioconf\u00e9rence. Apr\u00e8s l\u2019\u00e9v\u00e9nement sur le partage des connaissances, la d\u00e9l\u00e9gation d\u2019UNIDROIT a rencontr\u00e9 des fonctionnaires de la BAD appartenant aux \u00e9quipes charg\u00e9es du financement du commerce et de la cha\u00eene d\u2019approvisionnement pour discuter des instruments d\u2019UNIDROIT pertinents.<\/p>\n<p style=\"text-align: justify;\">\n<p style=\"text-align: justify;\">L\u2019enregistrement vid\u00e9o de l\u2019\u00e9v\u00e9nement sur le partage des connaissances est disponible sur la cha\u00eene YouTube du Programme de r\u00e9forme du droit et des politiques de la BAD: <a href=\"https:\/\/www.youtube.com\/watch?v=NJo7pMyenrM&amp;t=28s\" target=\"_blank\" rel=\"noopener\">https:\/\/www.youtube.com\/watch?v=NJo7pMyenrM&amp;t=28s<\/a><\/p>\n<p>&nbsp;<\/p>\n<p>Pour voir le programme, cliquez ici:<\/p>\n<p><img decoding=\"async\" src=\"https:\/\/www.unidroit.org\/wp-content\/uploads\/2022\/11\/ADB-e1669125773884.jpeg\" \/><\/p>\n<p>&nbsp;<\/p>\n","protected":false},"excerpt":{"rendered":"<p>Le 16 novembre 2022, une d\u00e9l\u00e9gation d\u2019UNIDROIT s\u2019est rendue au si\u00e8ge de la Banque asiatique de d\u00e9veloppement (BAD) \u00e0 Manille et a particip\u00e9 \u00e0 une session hybride sur les d\u00e9veloppements du droit international priv\u00e9 relatifs au d\u00e9veloppement du secteur priv\u00e9, au commerce et au d\u00e9veloppement&nbsp;<a href=\"https:\/\/www.unidroit.org\/fr\/unidroit-and-the-asian-development-bank-hold-knowledge-sharing-event-in-manila\/\">&hellip;<\/a><\/p>\n","protected":false},"author":15,"featured_media":18337,"comment_status":"closed","ping_status":"open","sticky":false,"template":"","format":"standard","meta":{"ep_exclude_from_search":false,"footnotes":""},"categories":[79,213,226,220],"tags":[],"class_list":["post-18340","post","type-post","status-publish","format-standard","has-post-thumbnail","hentry","category-actualites","category-digital-assets-private-law-fr","category-mac-protocol-2-fr","category-warehouse-fr-2","odd"],"_links":{"self":[{"href":"https:\/\/www.unidroit.org\/fr\/wp-json\/wp\/v2\/posts\/18340","targetHints":{"allow":["GET"]}}],"collection":[{"href":"https:\/\/www.unidroit.org\/fr\/wp-json\/wp\/v2\/posts"}],"about":[{"href":"https:\/\/www.unidroit.org\/fr\/wp-json\/wp\/v2\/types\/post"}],"author":[{"embeddable":true,"href":"https:\/\/www.unidroit.org\/fr\/wp-json\/wp\/v2\/users\/15"}],"replies":[{"embeddable":true,"href":"https:\/\/www.unidroit.org\/fr\/wp-json\/wp\/v2\/comments?post=18340"}],"version-history":[{"count":0,"href":"https:\/\/www.unidroit.org\/fr\/wp-json\/wp\/v2\/posts\/18340\/revisions"}],"wp:featuredmedia":[{"embeddable":true,"href":"https:\/\/www.unidroit.org\/fr\/wp-json\/wp\/v2\/media\/18337"}],"wp:attachment":[{"href":"https:\/\/www.unidroit.org\/fr\/wp-json\/wp\/v2\/media?parent=18340"}],"wp:term":[{"taxonomy":"category","embeddable":true,"href":"https:\/\/www.unidroit.org\/fr\/wp-json\/wp\/v2\/categories?post=18340"},{"taxonomy":"post_tag","embeddable":true,"href":"https:\/\/www.unidroit.org\/fr\/wp-json\/wp\/v2\/tags?post=18340"}],"curies":[{"name":"wp","href":"https:\/\/api.w.org\/{rel}","templated":true}]}}