{"id":18466,"date":"2022-12-05T08:48:07","date_gmt":"2022-12-05T07:48:07","guid":{"rendered":"https:\/\/www.unidroit.org\/?p=18466"},"modified":"2022-12-05T08:48:07","modified_gmt":"2022-12-05T07:48:07","slug":"le-president-de-la-republique-sem-mohamed-bazoum-a-recu-en-audience-une-delegation-dunidroit","status":"publish","type":"post","link":"https:\/\/www.unidroit.org\/fr\/le-president-de-la-republique-sem-mohamed-bazoum-a-recu-en-audience-une-delegation-dunidroit\/","title":{"rendered":"Le Pr\u00e9sident de la R\u00e9publique SEM Mohamed Bazoum a re\u00e7u en audience une d\u00e9l\u00e9gation d\u2019UNIDROIT"},"content":{"rendered":"<p><img loading=\"lazy\" decoding=\"async\" class=\"size-medium wp-image-18461 alignleft\" src=\"https:\/\/www.unidroit.org\/wp-content\/uploads\/2022\/12\/Niger01-300x199.png\" alt=\"\" width=\"300\" height=\"199\" srcset=\"https:\/\/www.unidroit.org\/wp-content\/uploads\/2022\/12\/Niger01-300x199.png 300w, https:\/\/www.unidroit.org\/wp-content\/uploads\/2022\/12\/Niger01.png 337w\" sizes=\"auto, (max-width: 300px) 100vw, 300px\" \/><\/p>\n<p style=\"text-align: justify;\">Lors de sa visite \u00e0 Rome les 2 et 3 d\u00e9cembre 2022 , le Pr\u00e9sident de la R\u00e9publique du Niger, S.E. Monsieur Mohamed Bazoum, a re\u00e7u en audience la Pr\u00e9sidente d\u2019UNIDROIT, la Professeure Maria Chiara Malaguti, accompagn\u00e9e de Mme Marina Schneider, Juriste principale d\u2019UNIDROIT et D\u00e9positaire des trait\u00e9s.<\/p>\n<p style=\"text-align: justify;\">Cette audience fut l\u2019occasion de resserrer les liens avec la R\u00e9publique du Niger, d\u00e9j\u00e0 Partie \u00e0 trois instruments d\u2019UNIDROIT, la <a href=\"https:\/\/www.unidroit.org\/fr\/instruments\/testaments\/\"><em>Convention<\/em><em> portant loi uniforme sur la forme d&#8217;un testament international<\/em><\/a> de 1973, la <a href=\"https:\/\/www.unidroit.org\/fr\/instruments\/garanties-internationales\/convention-du-cap\/depositaire\/\"><em>Convention du Cap<\/em><\/a><em> relative aux garanties internationales portant sur des mat\u00e9riels d\u2019\u00e9quipement mobiles<\/em> et son <a href=\"https:\/\/www.unidroit.org\/fr\/instruments\/garanties-internationales\/protocole-aeronautique\/depositaire\/\"><em>Protocole portant sur les questions sp\u00e9cifiques aux mat\u00e9riels d\u2019\u00e9quipement a\u00e9ronautiques<\/em><\/a> de 2001, dont les instruments d\u2019adh\u00e9sion ont \u00e9t\u00e9 d\u00e9pos\u00e9s aupr\u00e8s d\u2019UNIDROIT par <a href=\"https:\/\/www.unidroit.org\/fr\/?s=Cheiffou\">S.E. Madame l\u2019Ambassadeur de la R\u00e9publique du Niger, Madame Fatimata Cheiffou<\/a>, le 17 novembre 2022.<\/p>\n<p style=\"text-align: justify;\">S.E. Monsieur Bazoum avait regrett\u00e9 dans la presse italienne que \u00ab\u00a0les entreprises europ\u00e9ennes .. estiment que nos pays ne leur offrent pas l\u2019indispensable environnement juridique et de s\u00e9curit\u00e9 g\u00e9n\u00e9rale dont elles ont besoin. En cela, les Europ\u00e9ens ont compl\u00e8tement tort\u00a0\u00bb, et que, bien que \u00ab\u00a0le Niger dispose de grandes quantit\u00e9s d\u2019eau souterraine avec un taux d\u2019ensoleillement tr\u00e8s \u00e9lev\u00e9 [,\u2026.] le syst\u00e8me financier international fonctionne de telle mani\u00e8re que nous n\u2019aurons jamais acc\u00e8s aux capitaux n\u00e9cessaires aux investissements dans les \u00e9nergies renouvelables. Les conditions de cr\u00e9dit actuelles constituent un obstacle majeur pour ces investissements. Par cons\u00e9quent, il est peu probable que des mesures dites d\u2019adaptation soient mises en \u0153uvre. Comme nous pouvons le constater, la bataille sur le changement climatique est loin d&#8217;\u00eatre termin\u00e9e\u00a0\u00bb.<\/p>\n<p>&nbsp;<\/p>\n<p><img loading=\"lazy\" decoding=\"async\" class=\"size-medium wp-image-18459 aligncenter\" src=\"https:\/\/www.unidroit.org\/wp-content\/uploads\/2022\/12\/Niger02-297x300.png\" alt=\"\" width=\"297\" height=\"300\" srcset=\"https:\/\/www.unidroit.org\/wp-content\/uploads\/2022\/12\/Niger02-297x300.png 297w, https:\/\/www.unidroit.org\/wp-content\/uploads\/2022\/12\/Niger02.png 315w\" sizes=\"auto, (max-width: 297px) 100vw, 297px\" \/><\/p>\n<p>&nbsp;<\/p>\n<p style=\"text-align: justify;\">Les discussions ont permis de montrer comment les instruments harmonis\u00e9s d\u2019UNIDROIT r\u00e9pondent aux besoins de la R\u00e9publique du Niger, la Convention du Cap et ses protocoles portant sur les mat\u00e9riels d\u2019\u00e9quipement a\u00e9ronautiques mais aussi le mat\u00e9riel roulant ferroviaire (<a href=\"https:\/\/www.unidroit.org\/fr\/instruments\/garanties-internationales\/protocole-ferroviaire\/\">Protocole ferroviaire de Luxembourg<\/a> de 2007) et les mat\u00e9riels d\u2019\u00e9quipement miniers, agricoles et de construction (<a href=\"https:\/\/www.unidroit.org\/fr\/instruments\/garanties-internationales\/protocole-mac\/\">Protocole MAC<\/a> de 2019) \u2013 mais \u00e9galement d\u2019autres instruments \u2013 et viendront renforcer l\u2019environnement juridique n\u00e9cessaire et permettre au Niger un meilleur acc\u00e8s au cr\u00e9dit pour mettre en oeuvre ses projets de d\u00e9veloppement.<\/p>\n<p style=\"text-align: justify;\">Le Pr\u00e9sident a \u00e9galement rappel\u00e9 que le Niger \u00e9tait bien avanc\u00e9 dans la proc\u00e9dure d\u2019adh\u00e9sion \u00e0 la <a href=\"https:\/\/www.unidroit.org\/fr\/instruments\/biens-culturels\/convention-de-1995\/\"><em>Convention d\u2019UNIDROIT de 1995 sur les biens culturels vol\u00e9s ou illicitement export\u00e9s<\/em><\/a> adopt\u00e9e \u00e0 Rome le 24 juin 1995 qui permettra \u00e0 son pays de lutter contre le trafic international des biens culturels et faciliter la restitution\u00a0des\u00a0biens qui arrivent dans le commerce de fa\u00e7on illicite.<\/p>\n<p style=\"text-align: justify;\">Enfin, la participation de la R\u00e9publique du Niger aux travaux l\u00e9gislatifs et non l\u00e9gislatifs d\u2019UNIDROIT en qualit\u00e9 d\u2019\u00c9tat membre de l\u2019Organisation a \u00e9t\u00e9 \u00e9voqu\u00e9e pour permettre au Niger de participer de mani\u00e8re active \u00e0 l\u2019\u00e9laboration des instruments conventionnels ou de \u201csoft law\u201d tels que principes, lois types et guides juridiques.<\/p>\n<p>&nbsp;<\/p>\n<p><img loading=\"lazy\" decoding=\"async\" class=\"aligncenter wp-image-18457 size-full\" src=\"https:\/\/www.unidroit.org\/wp-content\/uploads\/2022\/12\/Niger03.png\" alt=\"\" width=\"803\" height=\"346\" srcset=\"https:\/\/www.unidroit.org\/wp-content\/uploads\/2022\/12\/Niger03.png 803w, https:\/\/www.unidroit.org\/wp-content\/uploads\/2022\/12\/Niger03-300x129.png 300w\" sizes=\"auto, (max-width: 803px) 100vw, 803px\" \/><\/p>\n<p>&nbsp;<\/p>\n<p>L\u2019audience accord\u00e9e \u00e0 UNIDROIT a \u00e9t\u00e9 relay\u00e9e sur le site de la Pr\u00e9sidence du Niger ainsi que sur ses r\u00e9seaux sociaux:<\/p>\n<p>Site de la Pr\u00e9sidence du Niger<br \/>\n<a href=\"https:\/\/www.presidence.ne\/audiences-et-sommets-1\/2022\/12\/3\/le-prsident-de-la-rpublique-sem-mohamed-bazoum-a-reu-en-audience-une-dlgation-de-linstitut-international-pour-lunification-du-droit-priv-unidroit\" target=\"_blank\" rel=\"noopener\">https:\/\/www.presidence.ne\/audiences-et-sommets-1\/2022\/12\/3\/le-prsident-de-la-rpublique-sem-mohamed-bazoum-a-reu-en-audience-une-dlgation-de-linstitut-international-pour-lunification-du-droit-priv-unidroit<\/a><\/p>\n<p>Facebook<br \/>\n<a href=\"https:\/\/m.facebook.com\/story.php?story_fbid=pfbid0mHMWT22eB3Z5SBdvSaf2pdWf1pcq1rawE2BC2UaNyTZ7AiYbtyREXZHtxCJ3bLzTl&amp;id=100068854434595&amp;eav=AfY2Qzi1g-9Sx0fFENJMp6p4CEN_3FsCgJd-k1nQbw2_S3WyuMr3HaOUFGl4skAqDGQ&amp;m_entstream_source=timeline&amp;paipv=0\" target=\"_blank\" rel=\"noopener\">https:\/\/m.facebook.com\/story.php?story_fbid=pfbid0mHMWT22eB3Z5SBdvSaf2pdWf1pcq1rawE2BC2UaNyTZ7AiYbtyREXZHtxCJ3bLzTl&amp;id=100068854434595&amp;eav=AfY2Qzi1g-9Sx0fFENJMp6p4CEN_3FsCgJd-k1nQbw2_S3WyuMr3HaOUFGl4skAqDGQ&amp;m_entstream_source=timeline&amp;paipv=0<\/a><\/p>\n<p>Twitter<br \/>\n(<a href=\"https:\/\/twitter.com\/presidenceniger\" target=\"_blank\" rel=\"noopener\">https:\/\/twitter.com\/presidenceniger<\/a>)<\/p>\n<p style=\"text-align: justify;\"><a href=\"https:\/\/twitter.com\/PresidenceNiger\/status\/1598834079335473152?s=20&amp;t=EhYETqKbrvYcG1hrjoLBOQ\" target=\"_blank\" rel=\"noopener\">https:\/\/twitter.com\/PresidenceNiger\/status\/1598834079335473152?s=20&amp;t=EhYETqKbrvYcG1hrjoLBOQ<\/a><\/p>\n","protected":false},"excerpt":{"rendered":"<p>Lors de sa visite \u00e0 Rome les 2 et 3 d\u00e9cembre 2022 , le Pr\u00e9sident de la R\u00e9publique du Niger, S.E. Monsieur Mohamed Bazoum, a re\u00e7u en audience la Pr\u00e9sidente d\u2019UNIDROIT, la Professeure Maria Chiara Malaguti, accompagn\u00e9e de Mme Marina Schneider, Juriste principale d\u2019UNIDROIT et&nbsp;<a href=\"https:\/\/www.unidroit.org\/fr\/le-president-de-la-republique-sem-mohamed-bazoum-a-recu-en-audience-une-delegation-dunidroit\/\">&hellip;<\/a><\/p>\n","protected":false},"author":19,"featured_media":18461,"comment_status":"closed","ping_status":"open","sticky":false,"template":"","format":"standard","meta":{"ep_exclude_from_search":false,"footnotes":""},"categories":[79,262],"tags":[],"class_list":["post-18466","post","type-post","status-publish","format-standard","has-post-thumbnail","hentry","category-actualites","category-nms-fr-2","odd"],"_links":{"self":[{"href":"https:\/\/www.unidroit.org\/fr\/wp-json\/wp\/v2\/posts\/18466","targetHints":{"allow":["GET"]}}],"collection":[{"href":"https:\/\/www.unidroit.org\/fr\/wp-json\/wp\/v2\/posts"}],"about":[{"href":"https:\/\/www.unidroit.org\/fr\/wp-json\/wp\/v2\/types\/post"}],"author":[{"embeddable":true,"href":"https:\/\/www.unidroit.org\/fr\/wp-json\/wp\/v2\/users\/19"}],"replies":[{"embeddable":true,"href":"https:\/\/www.unidroit.org\/fr\/wp-json\/wp\/v2\/comments?post=18466"}],"version-history":[{"count":0,"href":"https:\/\/www.unidroit.org\/fr\/wp-json\/wp\/v2\/posts\/18466\/revisions"}],"wp:featuredmedia":[{"embeddable":true,"href":"https:\/\/www.unidroit.org\/fr\/wp-json\/wp\/v2\/media\/18461"}],"wp:attachment":[{"href":"https:\/\/www.unidroit.org\/fr\/wp-json\/wp\/v2\/media?parent=18466"}],"wp:term":[{"taxonomy":"category","embeddable":true,"href":"https:\/\/www.unidroit.org\/fr\/wp-json\/wp\/v2\/categories?post=18466"},{"taxonomy":"post_tag","embeddable":true,"href":"https:\/\/www.unidroit.org\/fr\/wp-json\/wp\/v2\/tags?post=18466"}],"curies":[{"name":"wp","href":"https:\/\/api.w.org\/{rel}","templated":true}]}}