{"id":18682,"date":"2022-12-16T17:56:31","date_gmt":"2022-12-16T16:56:31","guid":{"rendered":"https:\/\/www.unidroit.org\/unidroit-hosts-high-level-side-event-on-soft-law-in-international-governance\/"},"modified":"2022-12-19T14:03:55","modified_gmt":"2022-12-19T13:03:55","slug":"unidroit-accueille-un-evenement-parallele-de-haut-niveau-sur-le-theme-des-mesures-juridiques-non-contraignantes-soft-law-dans-la-gouvernance-internationale","status":"publish","type":"post","link":"https:\/\/www.unidroit.org\/fr\/unidroit-accueille-un-evenement-parallele-de-haut-niveau-sur-le-theme-des-mesures-juridiques-non-contraignantes-soft-law-dans-la-gouvernance-internationale\/","title":{"rendered":"UNIDROIT accueille un \u00e9v\u00e9nement parall\u00e8le de haut niveau sur le th\u00e8me des mesures juridiques non contraignantes (soft law) dans la gouvernance internationale"},"content":{"rendered":"<p style=\"text-align: justify;\">Le 15 d\u00e9cembre 2022, en marge de la 81<sup>\u00e8me<\/sup> session de l\u2019Assembl\u00e9e G\u00e9n\u00e9rale, UNIDROIT a invit\u00e9 les Conseillers juridiques de ses \u00c9tats membres, les repr\u00e9sentants nationaux du CAHDI et les observateurs \u00e0 participer \u00e0 un s\u00e9minaire sur le th\u00e8me des mesures juridiques non contraignantes (<em>soft law<\/em>) dans la gouvernance internationale.<\/p>\n<p style=\"text-align: justify;\"><img loading=\"lazy\" decoding=\"async\" class=\"size-medium wp-image-18665 alignleft\" src=\"https:\/\/www.unidroit.org\/wp-content\/uploads\/2022\/12\/Sekhar-300x169.jpg\" alt=\"\" width=\"300\" height=\"169\" srcset=\"https:\/\/www.unidroit.org\/wp-content\/uploads\/2022\/12\/Sekhar-300x169.jpg 300w, https:\/\/www.unidroit.org\/wp-content\/uploads\/2022\/12\/Sekhar.jpg 640w\" sizes=\"auto, (max-width: 300px) 100vw, 300px\" \/>Le s\u00e9minaire a \u00e9t\u00e9 ouvert par la Pr\u00e9sidente d\u2019UNIDROIT, Mme Maria Chiara Malaguti (Professeure de droit international \u00e0 la Facult\u00e9 d&#8217;\u00e9conomie de l\u2019Universit\u00e0 Cattolica del Sacro Cuore), le Ministre Stefano Zanini (Chef du Service des affaires juridiques, des diff\u00e9rends diplomatiques et des accords internationaux, Minist\u00e8re des Affaires \u00e9trang\u00e8res et de la Coop\u00e9ration internationale de l\u2019Italie), et Mme Uma Sekhar (Secr\u00e9taire suppl\u00e9ante et Conseill\u00e8re juridique, Minist\u00e8re indien des Affaires \u00e9trang\u00e8res).<\/p>\n<p style=\"text-align: justify;\"><img loading=\"lazy\" decoding=\"async\" class=\"size-medium wp-image-18671 alignright\" src=\"https:\/\/www.unidroit.org\/wp-content\/uploads\/2022\/12\/Mbengue-300x169.jpg\" alt=\"\" width=\"300\" height=\"169\" srcset=\"https:\/\/www.unidroit.org\/wp-content\/uploads\/2022\/12\/Mbengue-300x169.jpg 300w, https:\/\/www.unidroit.org\/wp-content\/uploads\/2022\/12\/Mbengue.jpg 640w\" sizes=\"auto, (max-width: 300px) 100vw, 300px\" \/>La premi\u00e8re session, pr\u00e9sid\u00e9e par Mme Uma Sekhar, a \u00e9t\u00e9 marqu\u00e9e par les pr\u00e9sentations du Prof. Attila Tanzi (Professeur de droit international \u00e0 la Facult\u00e9 de droit de l&#8217;Universit\u00e9 de Bologne et Pr\u00e9sident de l&#8217;ADI Italie), du Prof. Makane Mo\u00efse Mbengue (Professeur de droit international \u00e0 la Facult\u00e9 de droit de l&#8217;Universit\u00e9 de Gen\u00e8ve et Pr\u00e9sident de la Soci\u00e9t\u00e9 africaine de droit international), et du Prof. Maria Chiara Malaguti, qui ont respectivement trait\u00e9 des instruments de droit non contraignant dans l&#8217;\u00e9laboration du droit international, en particulier en mati\u00e8re de protection de l&#8217;environnement, du droit non contraignant dans le droit \u00e9conomique international, et du droit non contraignant uniforme et de sa mise en \u0153uvre dans les syst\u00e8mes juridiques nationaux.<\/p>\n<p style=\"text-align: justify;\"><img loading=\"lazy\" decoding=\"async\" class=\"size-medium wp-image-18667 alignleft\" src=\"https:\/\/www.unidroit.org\/wp-content\/uploads\/2022\/12\/Tanzi-300x169.jpg\" alt=\"\" width=\"300\" height=\"169\" srcset=\"https:\/\/www.unidroit.org\/wp-content\/uploads\/2022\/12\/Tanzi-300x169.jpg 300w, https:\/\/www.unidroit.org\/wp-content\/uploads\/2022\/12\/Tanzi.jpg 640w\" sizes=\"auto, (max-width: 300px) 100vw, 300px\" \/>La deuxi\u00e8me session du s\u00e9minaire, plus interactive, a \u00e9t\u00e9 pr\u00e9sent\u00e9e par le Ministre Zanini et a abord\u00e9 les d\u00e9fis pratiques de l&#8217;interpr\u00e9tation, de la mise en \u0153uvre et du suivi des normes juridiques non contraignantes du point de vue d&#8217;un Conseiller juridique du Minist\u00e8re des Affaires \u00e9trang\u00e8res. Un vif d\u00e9bat s&#8217;est engag\u00e9 entre les participants de diff\u00e9rents minist\u00e8res des affaires \u00e9trang\u00e8res.<\/p>\n<p style=\"text-align: justify;\">Quelque 60 d\u00e9l\u00e9gations au total se sont inscrites \u00e0 l&#8217;\u00e9v\u00e9nement et environ 80 personnes y ont particip\u00e9 en ligne et en personne, ce qui a permis de lancer un dialogue de haut niveau entre les Conseillers juridiques afin d&#8217;identifier et de mettre en \u00e9vidence les pr\u00e9occupations et probl\u00e8mes communs et de partager les exp\u00e9riences qui pourraient aboutir \u00e0 une analyse commune et \u00e0 l&#8217;\u00e9laboration de solutions partag\u00e9es \u00e0 l&#8217;avenir.<\/p>\n","protected":false},"excerpt":{"rendered":"<p>Le 15 d\u00e9cembre 2022, en marge de la 81\u00e8me session de l\u2019Assembl\u00e9e G\u00e9n\u00e9rale, UNIDROIT a invit\u00e9 les Conseillers juridiques de ses \u00c9tats membres, les repr\u00e9sentants nationaux du CAHDI et les observateurs \u00e0 participer \u00e0 un s\u00e9minaire sur le th\u00e8me des mesures juridiques non contraignantes (soft&nbsp;<a href=\"https:\/\/www.unidroit.org\/fr\/unidroit-accueille-un-evenement-parallele-de-haut-niveau-sur-le-theme-des-mesures-juridiques-non-contraignantes-soft-law-dans-la-gouvernance-internationale\/\">&hellip;<\/a><\/p>\n","protected":false},"author":19,"featured_media":18669,"comment_status":"closed","ping_status":"closed","sticky":false,"template":"","format":"standard","meta":{"ep_exclude_from_search":false,"footnotes":""},"categories":[79],"tags":[],"class_list":["post-18682","post","type-post","status-publish","format-standard","has-post-thumbnail","hentry","category-actualites","odd"],"_links":{"self":[{"href":"https:\/\/www.unidroit.org\/fr\/wp-json\/wp\/v2\/posts\/18682","targetHints":{"allow":["GET"]}}],"collection":[{"href":"https:\/\/www.unidroit.org\/fr\/wp-json\/wp\/v2\/posts"}],"about":[{"href":"https:\/\/www.unidroit.org\/fr\/wp-json\/wp\/v2\/types\/post"}],"author":[{"embeddable":true,"href":"https:\/\/www.unidroit.org\/fr\/wp-json\/wp\/v2\/users\/19"}],"replies":[{"embeddable":true,"href":"https:\/\/www.unidroit.org\/fr\/wp-json\/wp\/v2\/comments?post=18682"}],"version-history":[{"count":0,"href":"https:\/\/www.unidroit.org\/fr\/wp-json\/wp\/v2\/posts\/18682\/revisions"}],"wp:featuredmedia":[{"embeddable":true,"href":"https:\/\/www.unidroit.org\/fr\/wp-json\/wp\/v2\/media\/18669"}],"wp:attachment":[{"href":"https:\/\/www.unidroit.org\/fr\/wp-json\/wp\/v2\/media?parent=18682"}],"wp:term":[{"taxonomy":"category","embeddable":true,"href":"https:\/\/www.unidroit.org\/fr\/wp-json\/wp\/v2\/categories?post=18682"},{"taxonomy":"post_tag","embeddable":true,"href":"https:\/\/www.unidroit.org\/fr\/wp-json\/wp\/v2\/tags?post=18682"}],"curies":[{"name":"wp","href":"https:\/\/api.w.org\/{rel}","templated":true}]}}