{"id":18908,"date":"2023-01-23T12:51:44","date_gmt":"2023-01-23T11:51:44","guid":{"rendered":"https:\/\/www.unidroit.org\/unidroit-signs-memorandum-of-understanding-with-ozyegin-university-istanbul\/"},"modified":"2023-01-23T13:04:41","modified_gmt":"2023-01-23T12:04:41","slug":"unidroit-signe-un-protocole-daccord-avec-luniversite-ozyegin-distanbul","status":"publish","type":"post","link":"https:\/\/www.unidroit.org\/fr\/unidroit-signe-un-protocole-daccord-avec-luniversite-ozyegin-distanbul\/","title":{"rendered":"UNIDROIT signe un Protocole d\u2019accord avec l\u2019Universit\u00e9 \u00d6zye\u011fin d\u2019Istanbul"},"content":{"rendered":"<p style=\"text-align: justify;\">Le 18 janvier 2023, le Secr\u00e9taire G\u00e9n\u00e9ral d\u2019UNIDROIT Ignacio Tirado et la doyenne de la Facult\u00e9 de droit de l\u2019Universit\u00e9 \u00d6zye\u011fin d\u2019Istanbul, la Professeure \u00d6zlem Yenerer \u00c7akmut, ont sign\u00e9 un Protocole d\u2019accord visant \u00e0 renforcer la coop\u00e9ration et les \u00e9changes entre les deux institutions. L\u2019accord vise notamment \u00e0 renforcer la prise en compte des instruments et des projets d\u2019UNIDROIT dans les programmes universitaires pertinents de l\u2019Universit\u00e9 \u00d6zye\u011fin, ainsi que la collaboration dans les programmes de stage et de recherche et les travaux universitaires dans les domaines du droit international priv\u00e9 et du droit commercial.<\/p>\n<p>&nbsp;<\/p>\n<p><img loading=\"lazy\" decoding=\"async\" class=\"alignnone size-medium wp-image-18917\" src=\"https:\/\/www.unidroit.org\/wp-content\/uploads\/2023\/01\/Signing-Cermony-Dean-300x169.jpg\" alt=\"\" width=\"300\" height=\"169\" srcset=\"https:\/\/www.unidroit.org\/wp-content\/uploads\/2023\/01\/Signing-Cermony-Dean-300x169.jpg 300w, https:\/\/www.unidroit.org\/wp-content\/uploads\/2023\/01\/Signing-Cermony-Dean.jpg 640w\" sizes=\"auto, (max-width: 300px) 100vw, 300px\" \/> <img loading=\"lazy\" decoding=\"async\" class=\"alignnone size-medium wp-image-18913\" src=\"https:\/\/www.unidroit.org\/wp-content\/uploads\/2023\/01\/Signing-Ceremony-UNIDROIT-300x169.jpg\" alt=\"\" width=\"300\" height=\"169\" srcset=\"https:\/\/www.unidroit.org\/wp-content\/uploads\/2023\/01\/Signing-Ceremony-UNIDROIT-300x169.jpg 300w, https:\/\/www.unidroit.org\/wp-content\/uploads\/2023\/01\/Signing-Ceremony-UNIDROIT.jpg 640w\" sizes=\"auto, (max-width: 300px) 100vw, 300px\" \/><\/p>\n","protected":false},"excerpt":{"rendered":"<p>Le 18 janvier 2023, le Secr\u00e9taire G\u00e9n\u00e9ral d\u2019UNIDROIT Ignacio Tirado et la doyenne de la Facult\u00e9 de droit de l\u2019Universit\u00e9 \u00d6zye\u011fin d\u2019Istanbul, la Professeure \u00d6zlem Yenerer \u00c7akmut, ont sign\u00e9 un Protocole d\u2019accord visant \u00e0 renforcer la coop\u00e9ration et les \u00e9changes entre les deux institutions. L\u2019accord&nbsp;<a href=\"https:\/\/www.unidroit.org\/fr\/unidroit-signe-un-protocole-daccord-avec-luniversite-ozyegin-distanbul\/\">&hellip;<\/a><\/p>\n","protected":false},"author":15,"featured_media":18911,"comment_status":"closed","ping_status":"open","sticky":false,"template":"","format":"standard","meta":{"ep_exclude_from_search":false,"footnotes":""},"categories":[79],"tags":[],"class_list":["post-18908","post","type-post","status-publish","format-standard","has-post-thumbnail","hentry","category-actualites","odd"],"_links":{"self":[{"href":"https:\/\/www.unidroit.org\/fr\/wp-json\/wp\/v2\/posts\/18908","targetHints":{"allow":["GET"]}}],"collection":[{"href":"https:\/\/www.unidroit.org\/fr\/wp-json\/wp\/v2\/posts"}],"about":[{"href":"https:\/\/www.unidroit.org\/fr\/wp-json\/wp\/v2\/types\/post"}],"author":[{"embeddable":true,"href":"https:\/\/www.unidroit.org\/fr\/wp-json\/wp\/v2\/users\/15"}],"replies":[{"embeddable":true,"href":"https:\/\/www.unidroit.org\/fr\/wp-json\/wp\/v2\/comments?post=18908"}],"version-history":[{"count":0,"href":"https:\/\/www.unidroit.org\/fr\/wp-json\/wp\/v2\/posts\/18908\/revisions"}],"wp:featuredmedia":[{"embeddable":true,"href":"https:\/\/www.unidroit.org\/fr\/wp-json\/wp\/v2\/media\/18911"}],"wp:attachment":[{"href":"https:\/\/www.unidroit.org\/fr\/wp-json\/wp\/v2\/media?parent=18908"}],"wp:term":[{"taxonomy":"category","embeddable":true,"href":"https:\/\/www.unidroit.org\/fr\/wp-json\/wp\/v2\/categories?post=18908"},{"taxonomy":"post_tag","embeddable":true,"href":"https:\/\/www.unidroit.org\/fr\/wp-json\/wp\/v2\/tags?post=18908"}],"curies":[{"name":"wp","href":"https:\/\/api.w.org\/{rel}","templated":true}]}}