{"id":20048,"date":"2023-03-29T17:04:24","date_gmt":"2023-03-29T15:04:24","guid":{"rendered":"https:\/\/www.unidroit.org\/?p=20048"},"modified":"2023-03-29T17:27:58","modified_gmt":"2023-03-29T15:27:58","slug":"lunification-du-droit-en-chine","status":"publish","type":"post","link":"https:\/\/www.unidroit.org\/fr\/lunification-du-droit-en-chine\/","title":{"rendered":"L\u2019unification du droit en Chine"},"content":{"rendered":"<p style=\"text-align: justify;\">De juin \u00e0 novembre 2023, Mme Lena Peters, Fonctionnaire principale &amp; Charg\u00e9e de la r\u00e9daction, Revue de droit uniforme, participera en tant que conf\u00e9renci\u00e8re invit\u00e9e et consultante dans le cadre du projet \u201cThe Possibility of the Unification of Private Law: Roman Law, <em>ius commune<\/em> and new <em>ius commune\u201d<\/em> organis\u00e9 par la <em>School of Law and Economics<\/em> de l\u2019Universit\u00e9 Zhongnan d\u2019\u00c9conomie et de Droit (ZUEL) (Chine) et l\u2019Universit\u00e9 de Rome I (Sapienza) (Italie).<\/p>\n","protected":false},"excerpt":{"rendered":"<p>De juin \u00e0 novembre 2023, Mme Lena Peters, Fonctionnaire principale &amp; Charg\u00e9e de la r\u00e9daction, Revue de droit uniforme, participera en tant que conf\u00e9renci\u00e8re invit\u00e9e et consultante dans le cadre du projet \u201cThe Possibility of the Unification of Private Law: Roman Law, ius commune and&nbsp;<a href=\"https:\/\/www.unidroit.org\/fr\/lunification-du-droit-en-chine\/\">&hellip;<\/a><\/p>\n","protected":false},"author":19,"featured_media":20097,"comment_status":"closed","ping_status":"open","sticky":false,"template":"","format":"standard","meta":{"ep_exclude_from_search":false,"footnotes":""},"categories":[79],"tags":[],"class_list":["post-20048","post","type-post","status-publish","format-standard","has-post-thumbnail","hentry","category-actualites","odd"],"_links":{"self":[{"href":"https:\/\/www.unidroit.org\/fr\/wp-json\/wp\/v2\/posts\/20048","targetHints":{"allow":["GET"]}}],"collection":[{"href":"https:\/\/www.unidroit.org\/fr\/wp-json\/wp\/v2\/posts"}],"about":[{"href":"https:\/\/www.unidroit.org\/fr\/wp-json\/wp\/v2\/types\/post"}],"author":[{"embeddable":true,"href":"https:\/\/www.unidroit.org\/fr\/wp-json\/wp\/v2\/users\/19"}],"replies":[{"embeddable":true,"href":"https:\/\/www.unidroit.org\/fr\/wp-json\/wp\/v2\/comments?post=20048"}],"version-history":[{"count":0,"href":"https:\/\/www.unidroit.org\/fr\/wp-json\/wp\/v2\/posts\/20048\/revisions"}],"wp:featuredmedia":[{"embeddable":true,"href":"https:\/\/www.unidroit.org\/fr\/wp-json\/wp\/v2\/media\/20097"}],"wp:attachment":[{"href":"https:\/\/www.unidroit.org\/fr\/wp-json\/wp\/v2\/media?parent=20048"}],"wp:term":[{"taxonomy":"category","embeddable":true,"href":"https:\/\/www.unidroit.org\/fr\/wp-json\/wp\/v2\/categories?post=20048"},{"taxonomy":"post_tag","embeddable":true,"href":"https:\/\/www.unidroit.org\/fr\/wp-json\/wp\/v2\/tags?post=20048"}],"curies":[{"name":"wp","href":"https:\/\/api.w.org\/{rel}","templated":true}]}}