{"id":21471,"date":"2023-06-13T14:52:27","date_gmt":"2023-06-13T12:52:27","guid":{"rendered":"https:\/\/www.unidroit.org\/?p=21471"},"modified":"2023-06-13T15:27:28","modified_gmt":"2023-06-13T13:27:28","slug":"seminar-on-cisg-and-related-texts-opens-cycle-of-seminars-co-organised-between-la-sapienza-and-unidroit","status":"publish","type":"post","link":"https:\/\/www.unidroit.org\/fr\/seminar-on-cisg-and-related-texts-opens-cycle-of-seminars-co-organised-between-la-sapienza-and-unidroit\/","title":{"rendered":"UN \u00c9XPOS\u00c9 SUR LA CVIM ET TEXTES CONNEXES OUVRE UN CYCLE DE S\u00c9MINAIRES ORGANIS\u00c9 PAR SAPIENZA ET UNIDROIT"},"content":{"rendered":"<p style=\"text-align: justify;\">Le 8 juin 2023, Luca Castellani, juriste \u00e0 la CNUDCI, a tenu le premier s\u00e9minaire d\u2019un cycle li\u00e9 au Master en droit commercial international (International Business Law), organis\u00e9 conjointement par le D\u00e9partement de droit et d\u2019\u00e9conomie de l\u2019Universit\u00e9 \u201cSapienza\u201d de Rome et UNIDROIT.<\/p>\n<p>Castellani a tenu une conf\u00e9rence intitul\u00e9e CISG and Related Texts as Tools to Ensure Resilience and Recovery of Cross-border Trade (CVIM et textes connexes comme outils pour assurer la r\u00e9silience et la reprise du commerce transfrontalier), qui a \u00e9t\u00e9 ouverte par le Professeur Vincenzo Caridi, Directeur du Master IBL, et le Professeur Ignacio Tirado, Secr\u00e9taire G\u00e9n\u00e9ral d\u2019UNIDROIT.<\/p>\n<p>Pour de plus amples informations sur le Master IBL, voir<a href=\"https:\/\/www.uniroma1.it\/en\/offerta-formativa\/master\/2023\/international-business-law\" target=\"_blank\" rel=\"noopener\"> ici<\/a>.<\/p>\n<p style=\"text-align: justify;\">L\u2019ordre du jour du s\u00e9minaire est disponible <a href=\"https:\/\/www.unidroit.org\/wp-content\/uploads\/2023\/06\/Seminar-CISG-8.6.2023.pdf\">ici<\/a>.<\/p>\n<p style=\"text-align: justify;\"><img loading=\"lazy\" decoding=\"async\" class=\"wp-image-21468 alignright\" src=\"https:\/\/www.unidroit.org\/wp-content\/uploads\/2023\/06\/CGSI-IBL-3-300x225.jpg\" alt=\"\" width=\"243\" height=\"182\" srcset=\"https:\/\/www.unidroit.org\/wp-content\/uploads\/2023\/06\/CGSI-IBL-3-300x225.jpg 300w, https:\/\/www.unidroit.org\/wp-content\/uploads\/2023\/06\/CGSI-IBL-3-1024x768.jpg 1024w, https:\/\/www.unidroit.org\/wp-content\/uploads\/2023\/06\/CGSI-IBL-3.jpg 2048w\" sizes=\"auto, (max-width: 243px) 100vw, 243px\" \/><\/p>\n<p>&nbsp;<\/p>\n","protected":false},"excerpt":{"rendered":"<p>Le 8 juin 2023, Luca Castellani, juriste \u00e0 la CNUDCI, a tenu le premier s\u00e9minaire d\u2019un cycle li\u00e9 au Master en droit commercial international (International Business Law), organis\u00e9 conjointement par le D\u00e9partement de droit et d\u2019\u00e9conomie de l\u2019Universit\u00e9 \u201cSapienza\u201d de Rome et UNIDROIT. Castellani a&nbsp;<a href=\"https:\/\/www.unidroit.org\/fr\/seminar-on-cisg-and-related-texts-opens-cycle-of-seminars-co-organised-between-la-sapienza-and-unidroit\/\">&hellip;<\/a><\/p>\n","protected":false},"author":20,"featured_media":21485,"comment_status":"closed","ping_status":"open","sticky":false,"template":"","format":"standard","meta":{"ep_exclude_from_search":false,"footnotes":""},"categories":[79],"tags":[],"class_list":["post-21471","post","type-post","status-publish","format-standard","has-post-thumbnail","hentry","category-actualites","odd"],"_links":{"self":[{"href":"https:\/\/www.unidroit.org\/fr\/wp-json\/wp\/v2\/posts\/21471","targetHints":{"allow":["GET"]}}],"collection":[{"href":"https:\/\/www.unidroit.org\/fr\/wp-json\/wp\/v2\/posts"}],"about":[{"href":"https:\/\/www.unidroit.org\/fr\/wp-json\/wp\/v2\/types\/post"}],"author":[{"embeddable":true,"href":"https:\/\/www.unidroit.org\/fr\/wp-json\/wp\/v2\/users\/20"}],"replies":[{"embeddable":true,"href":"https:\/\/www.unidroit.org\/fr\/wp-json\/wp\/v2\/comments?post=21471"}],"version-history":[{"count":0,"href":"https:\/\/www.unidroit.org\/fr\/wp-json\/wp\/v2\/posts\/21471\/revisions"}],"wp:featuredmedia":[{"embeddable":true,"href":"https:\/\/www.unidroit.org\/fr\/wp-json\/wp\/v2\/media\/21485"}],"wp:attachment":[{"href":"https:\/\/www.unidroit.org\/fr\/wp-json\/wp\/v2\/media?parent=21471"}],"wp:term":[{"taxonomy":"category","embeddable":true,"href":"https:\/\/www.unidroit.org\/fr\/wp-json\/wp\/v2\/categories?post=21471"},{"taxonomy":"post_tag","embeddable":true,"href":"https:\/\/www.unidroit.org\/fr\/wp-json\/wp\/v2\/tags?post=21471"}],"curies":[{"name":"wp","href":"https:\/\/api.w.org\/{rel}","templated":true}]}}