{"id":21674,"date":"2023-07-31T10:16:59","date_gmt":"2023-07-31T08:16:59","guid":{"rendered":"https:\/\/www.unidroit.org\/?p=21674"},"modified":"2023-08-01T10:10:57","modified_gmt":"2023-08-01T08:10:57","slug":"appel-a-candidatures-programme-de-la-chaire-unidroit-banque-ditalie","status":"publish","type":"post","link":"https:\/\/www.unidroit.org\/fr\/appel-a-candidatures-programme-de-la-chaire-unidroit-banque-ditalie\/","title":{"rendered":"APPEL \u00c0 CANDIDATURES PROGRAMME DE LA CHAIRE UNIDROIT\/ BANQUE D\u2019ITALIE &#8211; PROLONGATION DE LA DATE LIMITE"},"content":{"rendered":"<p style=\"text-align: justify;\">Dans le cadre du <strong>Programme de Chaire UNIDROIT &#8211; Banca d\u2019Italia<\/strong>, visant \u00e0 promouvoir la coop\u00e9ration existante entre UNIDROIT, la Banque d\u2019Italie et l\u2019IVASS (le superviseur italien des march\u00e9s d\u2019assurance et de r\u00e9assurance) en contribuant conjointement \u00e0 la recherche, \u00e0 la formation et \u00e0 la diffusion de sujets d\u2019int\u00e9r\u00eat commun, le Secr\u00e9tariat d\u2019UNIDROIT lance actuellement un appel \u00e0 candidatures pour le poste de titulaire de la Chaire.<\/p>\n<p style=\"text-align: justify;\">Le titulaire de la Chaire devrait aider UNIDROIT dans son <a href=\"https:\/\/www.unidroit.org\/fr\/travaux-en-cours\/insolvabilite-bancaire\/\">projet en cours sur l\u2019insolvabilit\u00e9 bancaire<\/a>, qui vise \u00e0 d\u00e9velopper des orientations internationales qui aideraient les pays \u00e0 traiter efficacement la faillite des banques, m\u00eame si elles ne pr\u00e9sentent pas de risque syst\u00e9mique.<\/p>\n<p style=\"text-align: justify;\">De plus amples informations sur l\u2019appel \u00e0 candidatures (en anglais) sont disponibles <a href=\"https:\/\/www.unidroit.org\/wp-content\/uploads\/2023\/08\/UNIDROIT-BANK-OF-ITALY-Chair-Programme-2023.pdf\"><strong>ici<\/strong> <\/a>et le\/la candidat\/e s\u00e9lectionn\u00e9\/e devrait commencer \u00e0 l&#8217;automne 2023.<\/p>\n<p style=\"text-align: justify;\">Veuillez noter que la date limite de d\u00e9p\u00f4t des candidatures a \u00e9t\u00e9 report\u00e9e au 4 septembre 2023.<\/p>\n<p>&nbsp;<\/p>\n<p><img loading=\"lazy\" decoding=\"async\" class=\"alignnone size-medium wp-image-21667\" src=\"https:\/\/www.unidroit.org\/wp-content\/uploads\/2023\/06\/BI-300x43.png\" alt=\"\" width=\"300\" height=\"43\" srcset=\"https:\/\/www.unidroit.org\/wp-content\/uploads\/2023\/06\/BI-300x43.png 300w, https:\/\/www.unidroit.org\/wp-content\/uploads\/2023\/06\/BI-1024x146.png 1024w, https:\/\/www.unidroit.org\/wp-content\/uploads\/2023\/06\/BI-150x21.png 150w, https:\/\/www.unidroit.org\/wp-content\/uploads\/2023\/06\/BI.png 1262w\" sizes=\"auto, (max-width: 300px) 100vw, 300px\" \/><\/p>\n","protected":false},"excerpt":{"rendered":"<p>Dans le cadre du Programme de Chaire UNIDROIT &#8211; Banca d\u2019Italia, visant \u00e0 promouvoir la coop\u00e9ration existante entre UNIDROIT, la Banque d\u2019Italie et l\u2019IVASS (le superviseur italien des march\u00e9s d\u2019assurance et de r\u00e9assurance) en contribuant conjointement \u00e0 la recherche, \u00e0 la formation et \u00e0 la&nbsp;<a href=\"https:\/\/www.unidroit.org\/fr\/appel-a-candidatures-programme-de-la-chaire-unidroit-banque-ditalie\/\">&hellip;<\/a><\/p>\n","protected":false},"author":15,"featured_media":21671,"comment_status":"closed","ping_status":"closed","sticky":false,"template":"","format":"standard","meta":{"ep_exclude_from_search":false,"footnotes":""},"categories":[79,260],"tags":[],"class_list":["post-21674","post","type-post","status-publish","format-standard","has-post-thumbnail","hentry","category-actualites","category-unidroit-academy-fr","odd"],"_links":{"self":[{"href":"https:\/\/www.unidroit.org\/fr\/wp-json\/wp\/v2\/posts\/21674","targetHints":{"allow":["GET"]}}],"collection":[{"href":"https:\/\/www.unidroit.org\/fr\/wp-json\/wp\/v2\/posts"}],"about":[{"href":"https:\/\/www.unidroit.org\/fr\/wp-json\/wp\/v2\/types\/post"}],"author":[{"embeddable":true,"href":"https:\/\/www.unidroit.org\/fr\/wp-json\/wp\/v2\/users\/15"}],"replies":[{"embeddable":true,"href":"https:\/\/www.unidroit.org\/fr\/wp-json\/wp\/v2\/comments?post=21674"}],"version-history":[{"count":0,"href":"https:\/\/www.unidroit.org\/fr\/wp-json\/wp\/v2\/posts\/21674\/revisions"}],"wp:featuredmedia":[{"embeddable":true,"href":"https:\/\/www.unidroit.org\/fr\/wp-json\/wp\/v2\/media\/21671"}],"wp:attachment":[{"href":"https:\/\/www.unidroit.org\/fr\/wp-json\/wp\/v2\/media?parent=21674"}],"wp:term":[{"taxonomy":"category","embeddable":true,"href":"https:\/\/www.unidroit.org\/fr\/wp-json\/wp\/v2\/categories?post=21674"},{"taxonomy":"post_tag","embeddable":true,"href":"https:\/\/www.unidroit.org\/fr\/wp-json\/wp\/v2\/tags?post=21674"}],"curies":[{"name":"wp","href":"https:\/\/api.w.org\/{rel}","templated":true}]}}