{"id":22559,"date":"2023-07-20T14:19:10","date_gmt":"2023-07-20T12:19:10","guid":{"rendered":"https:\/\/www.unidroit.org\/?p=22559"},"modified":"2023-08-04T14:21:41","modified_gmt":"2023-08-04T12:21:41","slug":"unidroit-signe-un-protocole-daccord-avec-luniversite-de-bari-aldo-moro","status":"publish","type":"post","link":"https:\/\/www.unidroit.org\/fr\/unidroit-signe-un-protocole-daccord-avec-luniversite-de-bari-aldo-moro\/","title":{"rendered":"UNIDROIT signe un Protocole d\u2019accord avec l\u2019Universit\u00e9 de Bari Aldo Moro"},"content":{"rendered":"<p>Le 19 juillet, UNIDROIT a conclu un Protocole d\u2019accord avec l\u2019Universit\u00e9 de Bari Aldo Moro afin de renforcer leur coop\u00e9ration en mati\u00e8re de recherche et d\u2019enseignement juridiques.<\/p>\n<p>Le Protocole d\u2019accord a \u00e9t\u00e9 sign\u00e9 par le Professeur Ignacio Tirado, Secr\u00e9taire G\u00e9n\u00e9ral d\u2019UNIDROIT, et par le Professeur Stefano Bronzini, Recteur de l\u2019Universit\u00e9 de Bari Aldo Moro.<\/p>\n<p><img loading=\"lazy\" decoding=\"async\" class=\" wp-image-22280 alignleft\" src=\"https:\/\/www.unidroit.org\/wp-content\/uploads\/2023\/07\/MoU-Universita-di-Bari-UNIDROIT-Prof-La-Gioia-300x101.png\" alt=\"\" width=\"312\" height=\"105\" srcset=\"https:\/\/www.unidroit.org\/wp-content\/uploads\/2023\/07\/MoU-Universita-di-Bari-UNIDROIT-Prof-La-Gioia-300x101.png 300w, https:\/\/www.unidroit.org\/wp-content\/uploads\/2023\/07\/MoU-Universita-di-Bari-UNIDROIT-Prof-La-Gioia.png 916w\" sizes=\"auto, (max-width: 312px) 100vw, 312px\" \/><\/p>\n<p style=\"text-align: justify;\">La c\u00e9r\u00e9monie de signature a \u00e9t\u00e9 suivie d\u2019un bref \u00e9change de vues entre le Professeur Antonio Leandro, contact principal de l\u2019Universit\u00e9 pour la collaboration, Mme Philine Wehling, Fonctionnaire et contact principal pour la collaboration \u00e0 UNIDROIT, et le Professeur Giovanni Lagioia, Directeur du D\u00e9partement d\u2019\u00e9conomie, de gestion et de droit des affaires de l\u2019Universit\u00e9, sur les possibilit\u00e9s de coop\u00e9ration et d\u2019\u00e9change envisag\u00e9es entre les deux institutions. Il est notamment pr\u00e9vu de pr\u00e9senter les travaux d\u2019UNIDROIT aux \u00e9tudiants par le biais de s\u00e9minaires, de cours ou d\u2019autres \u00e9v\u00e9nements qui se tiendront \u00e0 l\u2019Universit\u00e9, au si\u00e8ge d\u2019UNIDROIT \u00e0 Rome, ou en ligne par le biais de plateformes num\u00e9riques.<\/p>\n","protected":false},"excerpt":{"rendered":"<p>Le 19 juillet, UNIDROIT a conclu un Protocole d\u2019accord avec l\u2019Universit\u00e9 de Bari Aldo Moro afin de renforcer leur coop\u00e9ration en mati\u00e8re de recherche et d\u2019enseignement juridiques. Le Protocole d\u2019accord a \u00e9t\u00e9 sign\u00e9 par le Professeur Ignacio Tirado, Secr\u00e9taire G\u00e9n\u00e9ral d\u2019UNIDROIT, et par le Professeur&nbsp;<a href=\"https:\/\/www.unidroit.org\/fr\/unidroit-signe-un-protocole-daccord-avec-luniversite-de-bari-aldo-moro\/\">&hellip;<\/a><\/p>\n","protected":false},"author":15,"featured_media":22295,"comment_status":"closed","ping_status":"closed","sticky":false,"template":"","format":"standard","meta":{"ep_exclude_from_search":false,"footnotes":""},"categories":[79,286],"tags":[],"class_list":["post-22559","post","type-post","status-publish","format-standard","has-post-thumbnail","hentry","category-actualites","category-mou-2-fr","odd"],"_links":{"self":[{"href":"https:\/\/www.unidroit.org\/fr\/wp-json\/wp\/v2\/posts\/22559","targetHints":{"allow":["GET"]}}],"collection":[{"href":"https:\/\/www.unidroit.org\/fr\/wp-json\/wp\/v2\/posts"}],"about":[{"href":"https:\/\/www.unidroit.org\/fr\/wp-json\/wp\/v2\/types\/post"}],"author":[{"embeddable":true,"href":"https:\/\/www.unidroit.org\/fr\/wp-json\/wp\/v2\/users\/15"}],"replies":[{"embeddable":true,"href":"https:\/\/www.unidroit.org\/fr\/wp-json\/wp\/v2\/comments?post=22559"}],"version-history":[{"count":0,"href":"https:\/\/www.unidroit.org\/fr\/wp-json\/wp\/v2\/posts\/22559\/revisions"}],"wp:featuredmedia":[{"embeddable":true,"href":"https:\/\/www.unidroit.org\/fr\/wp-json\/wp\/v2\/media\/22295"}],"wp:attachment":[{"href":"https:\/\/www.unidroit.org\/fr\/wp-json\/wp\/v2\/media?parent=22559"}],"wp:term":[{"taxonomy":"category","embeddable":true,"href":"https:\/\/www.unidroit.org\/fr\/wp-json\/wp\/v2\/categories?post=22559"},{"taxonomy":"post_tag","embeddable":true,"href":"https:\/\/www.unidroit.org\/fr\/wp-json\/wp\/v2\/tags?post=22559"}],"curies":[{"name":"wp","href":"https:\/\/api.w.org\/{rel}","templated":true}]}}