{"id":22577,"date":"2023-07-11T14:40:43","date_gmt":"2023-07-11T12:40:43","guid":{"rendered":"https:\/\/www.unidroit.org\/unidroits-focus-is-on-africa-interview-with-ignacio-tirado\/"},"modified":"2023-08-04T15:26:40","modified_gmt":"2023-08-04T13:26:40","slug":"unidroit-met-laccent-sur-lafrique-entretien-avec-ignacio-tirado","status":"publish","type":"post","link":"https:\/\/www.unidroit.org\/fr\/unidroit-met-laccent-sur-lafrique-entretien-avec-ignacio-tirado\/","title":{"rendered":"UNIDROIT met l\u2019accent sur l\u2019Afrique &#8211; entretien avec Ignacio Tirado"},"content":{"rendered":"<p style=\"text-align: justify;\">UNIDROIT va bient\u00f4t c\u00e9l\u00e9brer son 100<sup>\u00e8me<\/sup> anniversaire. Lors de la deuxi\u00e8me \u00e9dition du <strong>Programme international pour le droit et le d\u00e9veloppement (PIDD)<\/strong>, UNIDROIT met l\u2019accent sur l\u2019<strong>Afrique<\/strong>.<\/p>\n<p>Dans cet <strong><a href=\"entretien,%20par%20\u201cDIRE\u201d\">entretien, par \u201cDIRE\u201d<\/a><\/strong> (https:\/\/www.dire.it\/), le Secr\u00e9taire G\u00e9n\u00e9ral Ignacio Tirado, explique pourquoi.<\/p>\n<p><iframe loading=\"lazy\" title=\"07 07  IPLD   UNIDROIT&#039;s focus is on Africa  Secretary General, Ignacio Tirado, explains why\" width=\"1200\" height=\"675\" src=\"https:\/\/www.youtube.com\/embed\/VuW-kG3me2g?feature=oembed\" frameborder=\"0\" allow=\"accelerometer; autoplay; clipboard-write; encrypted-media; gyroscope; picture-in-picture; web-share\" allowfullscreen><\/iframe><\/p>\n<p style=\"text-align: justify;\">UNIDROIT est fier que ses 65 \u00c9tats membres repr\u00e9sentent plus de 74 % de la population mondiale et plus de 90 % du PIB mondial. Malgr\u00e9 ce grand nombre de membres et l\u2019approche globale de l\u2019organisation, l\u2019Afrique reste une partie du monde qui compte le moins d&#8217;\u00c9tats membres d\u2019UNIDROIT (actuellement, il n\u2019y en a que quatre: l\u2019Afrique du Sud, l\u2019\u00c9gypte, le Nigeria et la Tunisie. \u201cL\u2019Afrique est un grand continent et nous aimerions vraiment y accro\u00eetre notre pr\u00e9sence\u201d, a d\u00e9clar\u00e9 le Secr\u00e9taire G\u00e9n\u00e9ral. Pour UNIDROIT, il est strat\u00e9gique de devenir plus africain qu\u2019il ne l\u2019est d\u00e9j\u00e0, j\u2019entends formellement, car informellement UNIDROIT a toujours accord\u00e9 une attention particuli\u00e8re \u00e0 l\u2019Afrique lors de la r\u00e9daction d\u2019instruments, par exemple le \u201cGuide juridique sur le d\u00e9veloppement agricole\u201d et nous favorisons l\u2019acc\u00e8s au cr\u00e9dit pour les petits entrepreneurs, en gardant \u00e0 l\u2019esprit l\u2019\u00e9conomie africaine, qui a un grand potentiel\u201d.<\/p>\n","protected":false},"excerpt":{"rendered":"<p>UNIDROIT va bient\u00f4t c\u00e9l\u00e9brer son 100\u00e8me anniversaire. Lors de la deuxi\u00e8me \u00e9dition du Programme international pour le droit et le d\u00e9veloppement (PIDD), UNIDROIT met l\u2019accent sur l\u2019Afrique. Dans cet entretien, par \u201cDIRE\u201d (https:\/\/www.dire.it\/), le Secr\u00e9taire G\u00e9n\u00e9ral Ignacio Tirado, explique pourquoi. UNIDROIT est fier que ses&nbsp;<a href=\"https:\/\/www.unidroit.org\/fr\/unidroit-met-laccent-sur-lafrique-entretien-avec-ignacio-tirado\/\">&hellip;<\/a><\/p>\n","protected":false},"author":20,"featured_media":22206,"comment_status":"closed","ping_status":"closed","sticky":false,"template":"","format":"standard","meta":{"ep_exclude_from_search":false,"footnotes":""},"categories":[79,219],"tags":[],"class_list":["post-22577","post","type-post","status-publish","format-standard","has-post-thumbnail","hentry","category-actualites","category-international-summer-school-fr-2","odd"],"_links":{"self":[{"href":"https:\/\/www.unidroit.org\/fr\/wp-json\/wp\/v2\/posts\/22577","targetHints":{"allow":["GET"]}}],"collection":[{"href":"https:\/\/www.unidroit.org\/fr\/wp-json\/wp\/v2\/posts"}],"about":[{"href":"https:\/\/www.unidroit.org\/fr\/wp-json\/wp\/v2\/types\/post"}],"author":[{"embeddable":true,"href":"https:\/\/www.unidroit.org\/fr\/wp-json\/wp\/v2\/users\/20"}],"replies":[{"embeddable":true,"href":"https:\/\/www.unidroit.org\/fr\/wp-json\/wp\/v2\/comments?post=22577"}],"version-history":[{"count":0,"href":"https:\/\/www.unidroit.org\/fr\/wp-json\/wp\/v2\/posts\/22577\/revisions"}],"wp:featuredmedia":[{"embeddable":true,"href":"https:\/\/www.unidroit.org\/fr\/wp-json\/wp\/v2\/media\/22206"}],"wp:attachment":[{"href":"https:\/\/www.unidroit.org\/fr\/wp-json\/wp\/v2\/media?parent=22577"}],"wp:term":[{"taxonomy":"category","embeddable":true,"href":"https:\/\/www.unidroit.org\/fr\/wp-json\/wp\/v2\/categories?post=22577"},{"taxonomy":"post_tag","embeddable":true,"href":"https:\/\/www.unidroit.org\/fr\/wp-json\/wp\/v2\/tags?post=22577"}],"curies":[{"name":"wp","href":"https:\/\/api.w.org\/{rel}","templated":true}]}}