{"id":23119,"date":"2023-09-27T16:48:44","date_gmt":"2023-09-27T14:48:44","guid":{"rendered":"https:\/\/www.unidroit.org\/unidroit-and-the-ebrd-undertake-consultations-in-london-to-strengthen-cooperation\/"},"modified":"2023-09-28T11:17:42","modified_gmt":"2023-09-28T09:17:42","slug":"unidroit-et-la-berd-entreprennent-des-consultations-a-londres-pour-renforcer-la-cooperation","status":"publish","type":"post","link":"https:\/\/www.unidroit.org\/fr\/unidroit-et-la-berd-entreprennent-des-consultations-a-londres-pour-renforcer-la-cooperation\/","title":{"rendered":"UNIDROIT et la BERD entreprennent des consultations \u00e0 Londres pour renforcer la coop\u00e9ration"},"content":{"rendered":"<p style=\"text-align: justify;\">Lundi 25 septembre 2023, la Banque europ\u00e9enne pour la reconstruction et le d\u00e9veloppement (BERD) a accueilli une d\u00e9l\u00e9gation de haut niveau d\u2019UNIDROIT \u00e0 son si\u00e8ge \u00e0 Londres. L\u2019objectif de la mission \u00e9tait de renforcer la coop\u00e9ration entre UNIDROIT et la BERD sur des projets d\u2019int\u00e9r\u00eat commun, avec un accent particulier sur les domaines de l\u2019acc\u00e8s au cr\u00e9dit, du financement durable, du r\u00e8glement des diff\u00e9rends li\u00e9s au changement climatique, de l\u2019ex\u00e9cution forc\u00e9e et de l\u2019insolvabilit\u00e9 bancaire.<\/p>\n<p style=\"text-align: justify;\">La consultation a commenc\u00e9 par un atelier d\u2019une demi-journ\u00e9e pour les membres du personnel de la BERD, facilit\u00e9 par le Programme de transition juridique de la BERD, qui comprenait des pr\u00e9sentations de Michael Strauss, Conseiller G\u00e9n\u00e9ral de la BERD, de Michel Nussbaumer, Directeur de la transition juridique de la BERD,\u00a0 de Ignacio Tirado, Secr\u00e9taire G\u00e9n\u00e9ral d\u2019UNIDROIT\u00a0 et de Anna Veneziano, Secr\u00e9taire G\u00e9n\u00e9rale adjointe d&#8217;UNIDROIT. Au cours de l\u2019apr\u00e8s-midi, des discussions techniques ont eu lieu sur des projets sp\u00e9cifiques et sur la planification strat\u00e9gique d\u2019une coop\u00e9ration renforc\u00e9e.<\/p>\n<p>Les instruments internationaux de meilleures pratiques d\u2019UNIDROIT dans les domaines du droit international priv\u00e9 et du droit commercial apportent un soutien direct aux produits et services de la BERD dans de nombreux secteurs. Simultan\u00e9ment, le Programme de transition juridique de la BERD facilite la promotion et la mise en \u0153uvre des instruments d\u2019UNIDROIT \u00e0 travers le monde.<\/p>\n<p>&nbsp;<\/p>\n<p><img loading=\"lazy\" decoding=\"async\" class=\"alignnone size-medium wp-image-23111\" src=\"https:\/\/www.unidroit.org\/wp-content\/uploads\/2023\/09\/IMG_1531-scaled.jpeg\" alt=\"\" width=\"300\" height=\"225\" srcset=\"https:\/\/www.unidroit.org\/wp-content\/uploads\/2023\/09\/IMG_1531-scaled.jpeg 2560w, https:\/\/www.unidroit.org\/wp-content\/uploads\/2023\/09\/IMG_1531-scaled-300x225.jpeg 300w, https:\/\/www.unidroit.org\/wp-content\/uploads\/2023\/09\/IMG_1531-scaled-1024x768.jpeg 1024w\" sizes=\"auto, (max-width: 300px) 100vw, 300px\" \/> <img loading=\"lazy\" decoding=\"async\" class=\"alignnone size-medium wp-image-23109\" src=\"https:\/\/www.unidroit.org\/wp-content\/uploads\/2023\/09\/IMG_1526-scaled.jpeg\" alt=\"\" width=\"300\" height=\"225\" srcset=\"https:\/\/www.unidroit.org\/wp-content\/uploads\/2023\/09\/IMG_1526-scaled.jpeg 2560w, https:\/\/www.unidroit.org\/wp-content\/uploads\/2023\/09\/IMG_1526-scaled-300x225.jpeg 300w, https:\/\/www.unidroit.org\/wp-content\/uploads\/2023\/09\/IMG_1526-scaled-1024x768.jpeg 1024w\" sizes=\"auto, (max-width: 300px) 100vw, 300px\" \/> <img loading=\"lazy\" decoding=\"async\" class=\"alignnone size-medium wp-image-23107\" src=\"https:\/\/www.unidroit.org\/wp-content\/uploads\/2023\/09\/IMG_1525-scaled.jpeg\" alt=\"\" width=\"300\" height=\"225\" srcset=\"https:\/\/www.unidroit.org\/wp-content\/uploads\/2023\/09\/IMG_1525-scaled.jpeg 2560w, https:\/\/www.unidroit.org\/wp-content\/uploads\/2023\/09\/IMG_1525-scaled-300x225.jpeg 300w, https:\/\/www.unidroit.org\/wp-content\/uploads\/2023\/09\/IMG_1525-scaled-1024x768.jpeg 1024w\" sizes=\"auto, (max-width: 300px) 100vw, 300px\" \/> <img loading=\"lazy\" decoding=\"async\" class=\"alignnone size-medium wp-image-23105\" src=\"https:\/\/www.unidroit.org\/wp-content\/uploads\/2023\/09\/IMG_1516-scaled.jpeg\" alt=\"\" width=\"225\" height=\"300\" srcset=\"https:\/\/www.unidroit.org\/wp-content\/uploads\/2023\/09\/IMG_1516-scaled.jpeg 1920w, https:\/\/www.unidroit.org\/wp-content\/uploads\/2023\/09\/IMG_1516-scaled-225x300.jpeg 225w, https:\/\/www.unidroit.org\/wp-content\/uploads\/2023\/09\/IMG_1516-scaled-768x1024.jpeg 768w\" sizes=\"auto, (max-width: 225px) 100vw, 225px\" \/> <img loading=\"lazy\" decoding=\"async\" class=\"alignnone size-medium wp-image-23103\" src=\"https:\/\/www.unidroit.org\/wp-content\/uploads\/2023\/09\/IMG_1514-scaled.jpeg\" alt=\"\" width=\"225\" height=\"300\" srcset=\"https:\/\/www.unidroit.org\/wp-content\/uploads\/2023\/09\/IMG_1514-scaled.jpeg 1920w, https:\/\/www.unidroit.org\/wp-content\/uploads\/2023\/09\/IMG_1514-scaled-225x300.jpeg 225w, https:\/\/www.unidroit.org\/wp-content\/uploads\/2023\/09\/IMG_1514-scaled-768x1024.jpeg 768w\" sizes=\"auto, (max-width: 225px) 100vw, 225px\" \/> <a href=\"https:\/\/www.unidroit.org\/wp-content\/uploads\/2023\/09\/EBRD-UNIDROIT-Workshop-Agenda-25.09.23.pdf\" class=\"pdfemb-viewer\" style=\"\" data-width=\"max\" data-height=\"max\" data-toolbar=\"bottom\" data-toolbar-fixed=\"off\">EBRD - UNIDROIT Workshop Agenda 25.09.23<\/a><\/p>\n","protected":false},"excerpt":{"rendered":"<p>Lundi 25 septembre 2023, la Banque europ\u00e9enne pour la reconstruction et le d\u00e9veloppement (BERD) a accueilli une d\u00e9l\u00e9gation de haut niveau d\u2019UNIDROIT \u00e0 son si\u00e8ge \u00e0 Londres. L\u2019objectif de la mission \u00e9tait de renforcer la coop\u00e9ration entre UNIDROIT et la BERD sur des projets d\u2019int\u00e9r\u00eat&nbsp;<a href=\"https:\/\/www.unidroit.org\/fr\/unidroit-et-la-berd-entreprennent-des-consultations-a-londres-pour-renforcer-la-cooperation\/\">&hellip;<\/a><\/p>\n","protected":false},"author":15,"featured_media":23114,"comment_status":"closed","ping_status":"open","sticky":false,"template":"","format":"standard","meta":{"ep_exclude_from_search":false,"footnotes":""},"categories":[79,261,222,206],"tags":[],"class_list":["post-23119","post","type-post","status-publish","format-standard","has-post-thumbnail","hentry","category-actualites","category-bank-insolvency-fr","category-effective-enforcement-fr","category-secured-transactions-fr","odd"],"_links":{"self":[{"href":"https:\/\/www.unidroit.org\/fr\/wp-json\/wp\/v2\/posts\/23119","targetHints":{"allow":["GET"]}}],"collection":[{"href":"https:\/\/www.unidroit.org\/fr\/wp-json\/wp\/v2\/posts"}],"about":[{"href":"https:\/\/www.unidroit.org\/fr\/wp-json\/wp\/v2\/types\/post"}],"author":[{"embeddable":true,"href":"https:\/\/www.unidroit.org\/fr\/wp-json\/wp\/v2\/users\/15"}],"replies":[{"embeddable":true,"href":"https:\/\/www.unidroit.org\/fr\/wp-json\/wp\/v2\/comments?post=23119"}],"version-history":[{"count":0,"href":"https:\/\/www.unidroit.org\/fr\/wp-json\/wp\/v2\/posts\/23119\/revisions"}],"wp:featuredmedia":[{"embeddable":true,"href":"https:\/\/www.unidroit.org\/fr\/wp-json\/wp\/v2\/media\/23114"}],"wp:attachment":[{"href":"https:\/\/www.unidroit.org\/fr\/wp-json\/wp\/v2\/media?parent=23119"}],"wp:term":[{"taxonomy":"category","embeddable":true,"href":"https:\/\/www.unidroit.org\/fr\/wp-json\/wp\/v2\/categories?post=23119"},{"taxonomy":"post_tag","embeddable":true,"href":"https:\/\/www.unidroit.org\/fr\/wp-json\/wp\/v2\/tags?post=23119"}],"curies":[{"name":"wp","href":"https:\/\/api.w.org\/{rel}","templated":true}]}}