{"id":23204,"date":"2023-09-29T12:08:50","date_gmt":"2023-09-29T10:08:50","guid":{"rendered":"https:\/\/www.unidroit.org\/unidroit-presents-the-mac-protocol-at-fao\/"},"modified":"2023-09-29T12:31:48","modified_gmt":"2023-09-29T10:31:48","slug":"unidroit-presente-le-protocole-mac-a-la-fao","status":"publish","type":"post","link":"https:\/\/www.unidroit.org\/fr\/unidroit-presente-le-protocole-mac-a-la-fao\/","title":{"rendered":"UNIDROIT PR\u00c9SENTE LE PROTOCOLE MAC \u00c0 LA FAO"},"content":{"rendered":"<p>Le 28 septembre 2023, Priscila Andrade, Fonctionnaire, a repr\u00e9sent\u00e9 le Secr\u00e9tariat d\u2019UNIDROIT \u00e0 la \u201cConf\u00e9rence mondiale sur la m\u00e9canisation agricole durable\u201d organis\u00e9e par l\u2019Organisation des Nations Unies pour l\u2019alimentation et l\u2019agriculture (FAO). L\u2019\u00e9v\u00e9nement a \u00e9t\u00e9 l\u2019occasion d\u2019une tribune neutre de dialogue pour les membres de la FAO, les agriculteurs, les universitaires, les fournisseurs de services de m\u00e9canisation, les agences de d\u00e9veloppement, les d\u00e9cideurs politiques et les membres de la soci\u00e9t\u00e9 civile visant \u00e0 prioriser les actions et \u00e0 renforcer les r\u00e9seaux techniques pour le d\u00e9veloppement durable de la m\u00e9canisation agricole.<\/p>\n<p><img loading=\"lazy\" decoding=\"async\" class=\"aligncenter size-large wp-image-23188\" src=\"https:\/\/www.unidroit.org\/wp-content\/uploads\/2023\/09\/Audience-GAMC.jpg\" alt=\"\" width=\"640\" height=\"212\" srcset=\"https:\/\/www.unidroit.org\/wp-content\/uploads\/2023\/09\/Audience-GAMC.jpg 640w, https:\/\/www.unidroit.org\/wp-content\/uploads\/2023\/09\/Audience-GAMC-300x99.jpg 300w\" sizes=\"auto, (max-width: 640px) 100vw, 640px\" \/><\/p>\n<p>Le <a href=\"https:\/\/www.unidroit.org\/fr\/instruments\/garanties-internationales\/protocole-mac\/\">Protocole MAC<\/a> portant sur les questions sp\u00e9cifiques aux mat\u00e9riels d\u2019\u00e9quipement miniers, agricoles et de construction \u00e0 la Convention relative aux garanties internationales portant sur des mat\u00e9riels d\u2019\u00e9quipement mobiles a \u00e9t\u00e9 pr\u00e9sent\u00e9 lors de la s\u00e9ance th\u00e9matique sur la \u201cCha\u00eene d\u2019approvisionnement et normes\u201d, afin de montrer comment il fournit un cadre juridique international pour le financement bas\u00e9 sur l\u2019actif des \u00e9quipements agricoles par la cr\u00e9ation, l\u2019inscription et l\u2019ex\u00e9cution des garanties l\u00e9gales sur les mat\u00e9riels d\u2019\u00e9quipement MAC.<\/p>\n<p>Le panel \u00e9tait anim\u00e9 par Ignacio Ruiz (Secr\u00e9taire G\u00e9n\u00e9ral, ANSEMAT; Pr\u00e9sident, Agrievolution Alliance) et comprenait quatre autres intervenants: Saruth Chan (Sous-secr\u00e9taire d\u2019\u00c9tat, minist\u00e8re de l\u2019agriculture, des for\u00eats et de la p\u00eache, Cambodge); Charlie O\u2019Brien (Secr\u00e9taire G\u00e9n\u00e9ral, Agrievolution); Yahia Khalifa (Responsable marketing de CLAAS pour l\u2019Afrique et le Proche-Orient); et Tie Li (Pr\u00e9sident, CAMCO).<\/p>\n<p><img loading=\"lazy\" decoding=\"async\" class=\"aligncenter wp-image-23190\" src=\"https:\/\/www.unidroit.org\/wp-content\/uploads\/2023\/09\/Machinery-exhibition-at-FAO-headquarters-in-Rome.jpg\" alt=\"\" width=\"379\" height=\"231\" srcset=\"https:\/\/www.unidroit.org\/wp-content\/uploads\/2023\/09\/Machinery-exhibition-at-FAO-headquarters-in-Rome.jpg 640w, https:\/\/www.unidroit.org\/wp-content\/uploads\/2023\/09\/Machinery-exhibition-at-FAO-headquarters-in-Rome-300x183.jpg 300w\" sizes=\"auto, (max-width: 379px) 100vw, 379px\" \/><\/p>\n","protected":false},"excerpt":{"rendered":"<p>Le 28 septembre 2023, Priscila Andrade, Fonctionnaire, a repr\u00e9sent\u00e9 le Secr\u00e9tariat d\u2019UNIDROIT \u00e0 la \u201cConf\u00e9rence mondiale sur la m\u00e9canisation agricole durable\u201d organis\u00e9e par l\u2019Organisation des Nations Unies pour l\u2019alimentation et l\u2019agriculture (FAO). L\u2019\u00e9v\u00e9nement a \u00e9t\u00e9 l\u2019occasion d\u2019une tribune neutre de dialogue pour les membres de&nbsp;<a href=\"https:\/\/www.unidroit.org\/fr\/unidroit-presente-le-protocole-mac-a-la-fao\/\">&hellip;<\/a><\/p>\n","protected":false},"author":25,"featured_media":23187,"comment_status":"closed","ping_status":"open","sticky":false,"template":"","format":"standard","meta":{"ep_exclude_from_search":false,"footnotes":""},"categories":[79,124,226,206],"tags":[],"class_list":["post-23204","post","type-post","status-publish","format-standard","has-post-thumbnail","hentry","category-actualites","category-agriculture-fr","category-mac-protocol-2-fr","category-secured-transactions-fr","odd"],"_links":{"self":[{"href":"https:\/\/www.unidroit.org\/fr\/wp-json\/wp\/v2\/posts\/23204","targetHints":{"allow":["GET"]}}],"collection":[{"href":"https:\/\/www.unidroit.org\/fr\/wp-json\/wp\/v2\/posts"}],"about":[{"href":"https:\/\/www.unidroit.org\/fr\/wp-json\/wp\/v2\/types\/post"}],"author":[{"embeddable":true,"href":"https:\/\/www.unidroit.org\/fr\/wp-json\/wp\/v2\/users\/25"}],"replies":[{"embeddable":true,"href":"https:\/\/www.unidroit.org\/fr\/wp-json\/wp\/v2\/comments?post=23204"}],"version-history":[{"count":0,"href":"https:\/\/www.unidroit.org\/fr\/wp-json\/wp\/v2\/posts\/23204\/revisions"}],"wp:featuredmedia":[{"embeddable":true,"href":"https:\/\/www.unidroit.org\/fr\/wp-json\/wp\/v2\/media\/23187"}],"wp:attachment":[{"href":"https:\/\/www.unidroit.org\/fr\/wp-json\/wp\/v2\/media?parent=23204"}],"wp:term":[{"taxonomy":"category","embeddable":true,"href":"https:\/\/www.unidroit.org\/fr\/wp-json\/wp\/v2\/categories?post=23204"},{"taxonomy":"post_tag","embeddable":true,"href":"https:\/\/www.unidroit.org\/fr\/wp-json\/wp\/v2\/tags?post=23204"}],"curies":[{"name":"wp","href":"https:\/\/api.w.org\/{rel}","templated":true}]}}