{"id":23453,"date":"2023-10-06T17:00:37","date_gmt":"2023-10-06T15:00:37","guid":{"rendered":"https:\/\/www.unidroit.org\/unidroit-contributes-to-rome-water-dialogue-2023\/"},"modified":"2023-10-09T16:46:50","modified_gmt":"2023-10-09T14:46:50","slug":"unidroit-participe-au-dialogue-de-rome-sur-leau-2023","status":"publish","type":"post","link":"https:\/\/www.unidroit.org\/fr\/unidroit-participe-au-dialogue-de-rome-sur-leau-2023\/","title":{"rendered":"UNIDROIT participe au Dialogue de Rome sur l\u2019eau 2023"},"content":{"rendered":"<p>Le 4 octobre 2023, Philine Wehling, Fonctionnaire, a repr\u00e9sent\u00e9 le Secr\u00e9tariat d\u2019UNIDROIT au Dialogue de Rome sur l\u2019eau organis\u00e9 par l\u2019Organisation des Nations Unies pour l\u2019alimentation et l\u2019agriculture (FAO) \u00e0 Rome. Le Dialogue, ouvert par le Dr Qu Dongyu, Directeur G\u00e9n\u00e9ral de la FAO, s\u2019est appuy\u00e9 sur la Conf\u00e9rence des Nations Unies sur l\u2019eau de 2023 et visait \u00e0 poursuivre son action en faveur de l\u2019eau\u00a0\u00e0 l\u2019appui du Programme de d\u00e9veloppement durable \u00e0 l\u2019horizon\u202f2030, en permettant des \u00e9changes multisectoriels.<\/p>\n<p>&nbsp;<\/p>\n<p>Mme Wehling est intervenue dans la table ronde \u201cR\u00e9gime foncier et gouvernance de l\u2019eau\u201d mod\u00e9r\u00e9 par Sasha Koo-Oshima (Directrice adjointe, Division des terres et des eaux, FAO). Elle a abord\u00e9 l\u2019importance de la s\u00e9curit\u00e9 des droits de propri\u00e9t\u00e9 de l\u2019eau pour les investisseurs et, illustrant les similitudes conceptuelles entre la propri\u00e9t\u00e9 de l\u2019eau et la propri\u00e9t\u00e9 fonci\u00e8re, a pr\u00e9sent\u00e9 une s\u00e9lection d\u2019instruments de droit priv\u00e9 promus par le Guide juridique UNIDROIT\/FIDA sur les contrats d\u2019investissement en terres agricoles, qui pourraient \u00eatre consid\u00e9r\u00e9s comme une r\u00e9f\u00e9rence utile pour le dialogue en cours de la FAO sur la propri\u00e9t\u00e9 de l\u2019eau.<\/p>\n<p>&nbsp;<\/p>\n<p>La table ronde comprenait cinq autres intervenants: Dan Schuster-Beesley (Foreign, Commonwealth &amp; Development Office, Royaume-Uni); Son Excellence Nosipho Nausca-Jean Jezile (Repr\u00e9sentante permanente de l\u2019Afrique du Sud aupr\u00e8s de la FAO); Son Excellence Mohamed Abdel Vetah (Haut-Commissaire de l\u2019Organisation pour le d\u00e9veloppement du bassin du fleuve S\u00e9n\u00e9gal); Birgit Vogel (Secr\u00e9taire Ex\u00e9cutive, Commission internationale pour la protection du Danube); et Valerie Johnston (Fonctionnaire, Bureau juridique de la FAO). En outre, un message vid\u00e9o a \u00e9t\u00e9 d\u00e9livr\u00e9 par Pedro Arrojo-Agudo (Rapporteur sp\u00e9cial sur les droits de l\u2019homme \u00e0 l\u2019eau potable et \u00e0 l\u2019assainissement).<\/p>\n<p>&nbsp;<\/p>\n<p>Des informations sur le Guide juridique UNIDROIT\/FIDA sur les contrats d\u2019investissement en terres agricoles sont disponibles au lien suivant: <a href=\"https:\/\/www.unidroit.org\/fr\/instruments\/agriculture\/cita\/presentation\/\">https:\/\/www.unidroit.org\/fr\/instruments\/agriculture\/cita\/presentation\/<\/a><\/p>\n<p>&nbsp;<\/p>\n<p><img loading=\"lazy\" decoding=\"async\" class=\"alignnone size-medium wp-image-23383 alignleft\" src=\"https:\/\/www.unidroit.org\/wp-content\/uploads\/2023\/10\/53234514235_d125e88cd3_o-scaled-300x200.jpg\" alt=\"\" width=\"300\" height=\"200\" srcset=\"https:\/\/www.unidroit.org\/wp-content\/uploads\/2023\/10\/53234514235_d125e88cd3_o-scaled-300x200.jpg 300w, https:\/\/www.unidroit.org\/wp-content\/uploads\/2023\/10\/53234514235_d125e88cd3_o-scaled-1024x683.jpg 1024w\" sizes=\"auto, (max-width: 300px) 100vw, 300px\" \/> <img loading=\"lazy\" decoding=\"async\" class=\"alignnone size-medium wp-image-23379 alignleft\" src=\"https:\/\/www.unidroit.org\/wp-content\/uploads\/2023\/10\/53233147867_f8e635bdfa_w-300x200.jpg\" alt=\"\" width=\"300\" height=\"200\" srcset=\"https:\/\/www.unidroit.org\/wp-content\/uploads\/2023\/10\/53233147867_f8e635bdfa_w-300x200.jpg 300w, https:\/\/www.unidroit.org\/wp-content\/uploads\/2023\/10\/53233147867_f8e635bdfa_w.jpg 400w\" sizes=\"auto, (max-width: 300px) 100vw, 300px\" \/><\/p>\n","protected":false},"excerpt":{"rendered":"<p>Le 4 octobre 2023, Philine Wehling, Fonctionnaire, a repr\u00e9sent\u00e9 le Secr\u00e9tariat d\u2019UNIDROIT au Dialogue de Rome sur l\u2019eau organis\u00e9 par l\u2019Organisation des Nations Unies pour l\u2019alimentation et l\u2019agriculture (FAO) \u00e0 Rome. Le Dialogue, ouvert par le Dr Qu Dongyu, Directeur G\u00e9n\u00e9ral de la FAO, s\u2019est&nbsp;<a href=\"https:\/\/www.unidroit.org\/fr\/unidroit-participe-au-dialogue-de-rome-sur-leau-2023\/\">&hellip;<\/a><\/p>\n","protected":false},"author":15,"featured_media":23380,"comment_status":"closed","ping_status":"closed","sticky":false,"template":"","format":"standard","meta":{"ep_exclude_from_search":false,"footnotes":""},"categories":[79,199,124],"tags":[],"class_list":["post-23453","post","type-post","status-publish","format-standard","has-post-thumbnail","hentry","category-actualites","category-agricultural-land-investment-contracts-fr","category-agriculture-fr","odd"],"_links":{"self":[{"href":"https:\/\/www.unidroit.org\/fr\/wp-json\/wp\/v2\/posts\/23453","targetHints":{"allow":["GET"]}}],"collection":[{"href":"https:\/\/www.unidroit.org\/fr\/wp-json\/wp\/v2\/posts"}],"about":[{"href":"https:\/\/www.unidroit.org\/fr\/wp-json\/wp\/v2\/types\/post"}],"author":[{"embeddable":true,"href":"https:\/\/www.unidroit.org\/fr\/wp-json\/wp\/v2\/users\/15"}],"replies":[{"embeddable":true,"href":"https:\/\/www.unidroit.org\/fr\/wp-json\/wp\/v2\/comments?post=23453"}],"version-history":[{"count":0,"href":"https:\/\/www.unidroit.org\/fr\/wp-json\/wp\/v2\/posts\/23453\/revisions"}],"wp:featuredmedia":[{"embeddable":true,"href":"https:\/\/www.unidroit.org\/fr\/wp-json\/wp\/v2\/media\/23380"}],"wp:attachment":[{"href":"https:\/\/www.unidroit.org\/fr\/wp-json\/wp\/v2\/media?parent=23453"}],"wp:term":[{"taxonomy":"category","embeddable":true,"href":"https:\/\/www.unidroit.org\/fr\/wp-json\/wp\/v2\/categories?post=23453"},{"taxonomy":"post_tag","embeddable":true,"href":"https:\/\/www.unidroit.org\/fr\/wp-json\/wp\/v2\/tags?post=23453"}],"curies":[{"name":"wp","href":"https:\/\/api.w.org\/{rel}","templated":true}]}}