{"id":23553,"date":"2023-10-12T16:10:33","date_gmt":"2023-10-12T14:10:33","guid":{"rendered":"https:\/\/www.unidroit.org\/launch-of-the-unidroit-principles-on-digital-assets-and-private-law-publication\/"},"modified":"2023-10-20T10:10:18","modified_gmt":"2023-10-20T08:10:18","slug":"lancement-de-la-publication-des-principes-dunidroit-sur-les-actifs-numeriques-et-le-droit-prive-on-digital-assets-and-private-law-publication","status":"publish","type":"post","link":"https:\/\/www.unidroit.org\/fr\/lancement-de-la-publication-des-principes-dunidroit-sur-les-actifs-numeriques-et-le-droit-prive-on-digital-assets-and-private-law-publication\/","title":{"rendered":"Lancement de la publication des Principes d\u2019UNIDROIT sur les actifs num\u00e9riques et le droit priv\u00e9"},"content":{"rendered":"<p style=\"text-align: justify;\">Le 4 octobre 2023, le Secr\u00e9tariat d\u2019UNIDROIT a organis\u00e9 le lancement de la publication des <a href=\"https:\/\/www.unidroit.org\/wp-content\/uploads\/2023\/09\/Principles-on-Digital-Assets-and-Private-Law-1.pdf\">Principes d\u2019UNIDROIT relatifs aux actifs num\u00e9riques et droit priv\u00e9<\/a> (les \u201cPrincipes ANDP\u201d, en anglais) \u00e0 son si\u00e8ge \u00e0 Rome, Italie.\u00a0 L\u2019\u00e9v\u00e9nement a \u00e9t\u00e9 largement suivi et a comport\u00e9 des allocutions du Professeur Hideki Kanda, Pr\u00e9sident du Groupe de travail sur les Principes ANDP et Membre du Conseil de Direction d\u2019UNIDROIT, et de la Professeure Louise Gullifer, Pr\u00e9sidente du Comit\u00e9 de r\u00e9daction des Principes ANDP. Des pr\u00e9sentations sur le fonctionnement pratique des Principes ont \u00e9galement \u00e9t\u00e9 faites par d\u2019\u00e9minents membres du monde acad\u00e9mique et des secteurs priv\u00e9 et public. Le soutien institutionnel a \u00e9t\u00e9 d\u00e9montr\u00e9 par des acteurs publics et priv\u00e9s, notamment par des repr\u00e9sentants du Fonds mon\u00e9taire international, de l\u2019<em>Association of Global Custodians<\/em> et l\u2019association italienne repr\u00e9sentant les soci\u00e9t\u00e9s par actions (ASSONIME). Des observateurs d\u2019institutions publiques telles que l\u2019Autorit\u00e9 europ\u00e9enne des march\u00e9s financiers, ont \u00e9galement contribu\u00e9 \u00e0 l\u2019\u00e9v\u00e9nement.<\/p>\n<p style=\"text-align: justify;\">En outre, Christophe Bernasconi, Secr\u00e9taire G\u00e9n\u00e9ral de la Conf\u00e9rence de La Haye de droit international priv\u00e9,\u00a0 a f\u00e9licit\u00e9 UNIDROIT pour l\u2019ach\u00e8vement de cet important projet et a parl\u00e9 d\u2019un \u00e9ventuel projet conjoint compl\u00e9mentaire sur la loi applicable \u00e0 la d\u00e9tention et aux transferts transfrontaliers d\u2019actifs num\u00e9riques.<\/p>\n<p>&nbsp;<\/p>\n<p style=\"text-align: justify;\">Les Principes ANDP ont \u00e9t\u00e9 adopt\u00e9s par le Conseil de Direction d\u2019UNIDROIT en mai 2023, \u00e0 l\u2019issue de trois ann\u00e9es de pr\u00e9paration et d\u2019\u00e9troite collaboration avec les \u00c9tats membres d\u2019UNIDROIT et avec des experts juridiques de multiples juridictions et de toutes les branches juridiques.\u00a0 Les principes ANDP \u00e9tablissent des r\u00e8gles claires concernant les aspects de droit priv\u00e9 des actifs num\u00e9riques, notamment sur les droits de propri\u00e9t\u00e9. Ils traitent des actifs num\u00e9riques lorsqu\u2019ils font l\u2019objet de cessions et d\u2019acquisitions, et lorsque des int\u00e9r\u00eats sur ces actifs doivent \u00eatre oppos\u00e9s \u00e0 des tiers. Les Principes couvrent les actifs num\u00e9riques qui peuvent faire l\u2019objet d\u2019un contr\u00f4le et fournissent des orientations sur les questions li\u00e9es au droit international priv\u00e9, au contr\u00f4le et au transfert, \u00e0 la garde, aux op\u00e9rations garanties, au droit proc\u00e9dural, y compris l\u2019ex\u00e9cution, et \u00e0 l\u2019insolvabilit\u00e9. Les Principes sont neutres du point de vue de la technologie, du mod\u00e8le d\u2019entreprise et de la juridiction, et ne sont pas cens\u00e9s repr\u00e9senter une solution sp\u00e9cifique pour un moment ou une technologie particuli\u00e8re.\u00a0 Les Principes ANDP sont destin\u00e9s \u00e0 \u00eatre appliqu\u00e9s par tout syst\u00e8me juridique, qu\u2019il soit ancr\u00e9 dans le droit civil ou la <em>common law<\/em>, dans le but d\u2019aider \u00e0 la fois les l\u00e9gislateurs et les utilisateurs \u00e0 faire face aux complexit\u00e9s qui r\u00e9sultent du traitement des actifs num\u00e9riques sur le march\u00e9.<\/p>\n<p style=\"text-align: justify;\"><img loading=\"lazy\" decoding=\"async\" class=\" wp-image-23487 aligncenter\" src=\"https:\/\/www.unidroit.org\/wp-content\/uploads\/2023\/10\/DSC09003-scaled-300x200.jpg\" alt=\"\" width=\"550\" height=\"366\" srcset=\"https:\/\/www.unidroit.org\/wp-content\/uploads\/2023\/10\/DSC09003-scaled-300x200.jpg 300w, https:\/\/www.unidroit.org\/wp-content\/uploads\/2023\/10\/DSC09003-scaled-1024x683.jpg 1024w\" sizes=\"auto, (max-width: 550px) 100vw, 550px\" \/><\/p>\n<p style=\"text-align: justify;\"><img loading=\"lazy\" decoding=\"async\" class=\"alignnone size-medium wp-image-23532\" src=\"https:\/\/www.unidroit.org\/wp-content\/uploads\/2023\/10\/DSC09019-scaled.jpg\" alt=\"\" width=\"300\" height=\"200\" srcset=\"https:\/\/www.unidroit.org\/wp-content\/uploads\/2023\/10\/DSC09019-scaled.jpg 2560w, https:\/\/www.unidroit.org\/wp-content\/uploads\/2023\/10\/DSC09019-scaled-300x200.jpg 300w, https:\/\/www.unidroit.org\/wp-content\/uploads\/2023\/10\/DSC09019-scaled-1024x683.jpg 1024w\" sizes=\"auto, (max-width: 300px) 100vw, 300px\" \/> <img loading=\"lazy\" decoding=\"async\" class=\"alignnone size-medium wp-image-23534\" src=\"https:\/\/www.unidroit.org\/wp-content\/uploads\/2023\/10\/DSC09022-scaled.jpg\" alt=\"\" width=\"300\" height=\"200\" srcset=\"https:\/\/www.unidroit.org\/wp-content\/uploads\/2023\/10\/DSC09022-scaled.jpg 2560w, https:\/\/www.unidroit.org\/wp-content\/uploads\/2023\/10\/DSC09022-scaled-300x200.jpg 300w, https:\/\/www.unidroit.org\/wp-content\/uploads\/2023\/10\/DSC09022-scaled-1024x683.jpg 1024w\" sizes=\"auto, (max-width: 300px) 100vw, 300px\" \/> <img loading=\"lazy\" decoding=\"async\" class=\"alignnone size-medium wp-image-23536\" src=\"https:\/\/www.unidroit.org\/wp-content\/uploads\/2023\/10\/DSC09026-scaled.jpg\" alt=\"\" width=\"300\" height=\"200\" srcset=\"https:\/\/www.unidroit.org\/wp-content\/uploads\/2023\/10\/DSC09026-scaled.jpg 2560w, https:\/\/www.unidroit.org\/wp-content\/uploads\/2023\/10\/DSC09026-scaled-300x200.jpg 300w, https:\/\/www.unidroit.org\/wp-content\/uploads\/2023\/10\/DSC09026-scaled-1024x683.jpg 1024w\" sizes=\"auto, (max-width: 300px) 100vw, 300px\" \/> <img loading=\"lazy\" decoding=\"async\" class=\"alignnone size-medium wp-image-23538\" src=\"https:\/\/www.unidroit.org\/wp-content\/uploads\/2023\/10\/DSC09032-scaled.jpg\" alt=\"\" width=\"300\" height=\"200\" srcset=\"https:\/\/www.unidroit.org\/wp-content\/uploads\/2023\/10\/DSC09032-scaled.jpg 2560w, https:\/\/www.unidroit.org\/wp-content\/uploads\/2023\/10\/DSC09032-scaled-300x200.jpg 300w, https:\/\/www.unidroit.org\/wp-content\/uploads\/2023\/10\/DSC09032-scaled-1024x683.jpg 1024w\" sizes=\"auto, (max-width: 300px) 100vw, 300px\" \/> <img loading=\"lazy\" decoding=\"async\" class=\"alignnone size-medium wp-image-23540\" src=\"https:\/\/www.unidroit.org\/wp-content\/uploads\/2023\/10\/DSC09042.ARW_-scaled.jpg\" alt=\"\" width=\"300\" height=\"200\" srcset=\"https:\/\/www.unidroit.org\/wp-content\/uploads\/2023\/10\/DSC09042.ARW_-scaled.jpg 2560w, https:\/\/www.unidroit.org\/wp-content\/uploads\/2023\/10\/DSC09042.ARW_-scaled-300x200.jpg 300w, https:\/\/www.unidroit.org\/wp-content\/uploads\/2023\/10\/DSC09042.ARW_-scaled-1024x684.jpg 1024w\" sizes=\"auto, (max-width: 300px) 100vw, 300px\" \/> <img loading=\"lazy\" decoding=\"async\" class=\"alignnone size-medium wp-image-23542\" src=\"https:\/\/www.unidroit.org\/wp-content\/uploads\/2023\/10\/DSC09046-scaled.jpg\" alt=\"\" width=\"300\" height=\"200\" srcset=\"https:\/\/www.unidroit.org\/wp-content\/uploads\/2023\/10\/DSC09046-scaled.jpg 2560w, https:\/\/www.unidroit.org\/wp-content\/uploads\/2023\/10\/DSC09046-scaled-300x200.jpg 300w, https:\/\/www.unidroit.org\/wp-content\/uploads\/2023\/10\/DSC09046-scaled-1024x683.jpg 1024w\" sizes=\"auto, (max-width: 300px) 100vw, 300px\" \/> <img loading=\"lazy\" decoding=\"async\" class=\"alignnone size-medium wp-image-23544\" src=\"https:\/\/www.unidroit.org\/wp-content\/uploads\/2023\/10\/DSC09048-scaled.jpg\" alt=\"\" width=\"200\" height=\"300\" srcset=\"https:\/\/www.unidroit.org\/wp-content\/uploads\/2023\/10\/DSC09048-scaled.jpg 1707w, https:\/\/www.unidroit.org\/wp-content\/uploads\/2023\/10\/DSC09048-scaled-200x300.jpg 200w, https:\/\/www.unidroit.org\/wp-content\/uploads\/2023\/10\/DSC09048-scaled-683x1024.jpg 683w\" sizes=\"auto, (max-width: 200px) 100vw, 200px\" \/><\/p>\n","protected":false},"excerpt":{"rendered":"<p>Le 4 octobre 2023, le Secr\u00e9tariat d\u2019UNIDROIT a organis\u00e9 le lancement de la publication des Principes d\u2019UNIDROIT relatifs aux actifs num\u00e9riques et droit priv\u00e9 (les \u201cPrincipes ANDP\u201d, en anglais) \u00e0 son si\u00e8ge \u00e0 Rome, Italie.\u00a0 L\u2019\u00e9v\u00e9nement a \u00e9t\u00e9 largement suivi et a comport\u00e9 des allocutions&nbsp;<a href=\"https:\/\/www.unidroit.org\/fr\/lancement-de-la-publication-des-principes-dunidroit-sur-les-actifs-numeriques-et-le-droit-prive-on-digital-assets-and-private-law-publication\/\">&hellip;<\/a><\/p>\n","protected":false},"author":15,"featured_media":23490,"comment_status":"closed","ping_status":"closed","sticky":false,"template":"","format":"standard","meta":{"ep_exclude_from_search":false,"footnotes":""},"categories":[79,213,214],"tags":[],"class_list":["post-23553","post","type-post","status-publish","format-standard","has-post-thumbnail","hentry","category-actualites","category-digital-assets-private-law-fr","category-law-technology-fr","odd"],"_links":{"self":[{"href":"https:\/\/www.unidroit.org\/fr\/wp-json\/wp\/v2\/posts\/23553","targetHints":{"allow":["GET"]}}],"collection":[{"href":"https:\/\/www.unidroit.org\/fr\/wp-json\/wp\/v2\/posts"}],"about":[{"href":"https:\/\/www.unidroit.org\/fr\/wp-json\/wp\/v2\/types\/post"}],"author":[{"embeddable":true,"href":"https:\/\/www.unidroit.org\/fr\/wp-json\/wp\/v2\/users\/15"}],"replies":[{"embeddable":true,"href":"https:\/\/www.unidroit.org\/fr\/wp-json\/wp\/v2\/comments?post=23553"}],"version-history":[{"count":0,"href":"https:\/\/www.unidroit.org\/fr\/wp-json\/wp\/v2\/posts\/23553\/revisions"}],"wp:featuredmedia":[{"embeddable":true,"href":"https:\/\/www.unidroit.org\/fr\/wp-json\/wp\/v2\/media\/23490"}],"wp:attachment":[{"href":"https:\/\/www.unidroit.org\/fr\/wp-json\/wp\/v2\/media?parent=23553"}],"wp:term":[{"taxonomy":"category","embeddable":true,"href":"https:\/\/www.unidroit.org\/fr\/wp-json\/wp\/v2\/categories?post=23553"},{"taxonomy":"post_tag","embeddable":true,"href":"https:\/\/www.unidroit.org\/fr\/wp-json\/wp\/v2\/tags?post=23553"}],"curies":[{"name":"wp","href":"https:\/\/api.w.org\/{rel}","templated":true}]}}