{"id":24348,"date":"2023-12-04T12:20:18","date_gmt":"2023-12-04T11:20:18","guid":{"rendered":"https:\/\/www.unidroit.org\/unidroit-participates-in-8th-east-lake-forum-on-international-law-in-wuhan-china\/"},"modified":"2023-12-04T12:23:40","modified_gmt":"2023-12-04T11:23:40","slug":"unidroit-participe-au-8eme-forum-east-lake-sur-le-droit-international-a-wuhan-chine","status":"publish","type":"post","link":"https:\/\/www.unidroit.org\/fr\/unidroit-participe-au-8eme-forum-east-lake-sur-le-droit-international-a-wuhan-chine\/","title":{"rendered":"UNIDROIT participe au 8\u00e8me Forum East Lake sur le droit international \u00e0 Wuhan, Chine"},"content":{"rendered":"<p style=\"text-align: justify;\">Les 2 et 3 d\u00e9cembre 2023, UNIDROIT a particip\u00e9 \u00e0 un forum juridique de haut niveau \u00e0 Wuhan, R\u00e9publique populaire de Chine. Le Forum, organis\u00e9 conjointement par le Conseil chinois pour la promotion du commerce international, l\u2019Universit\u00e9 de Wuhan et la Soci\u00e9t\u00e9 chinoise de droit international, avait pour th\u00e8me \u201c<em>Promoting World Peace and Global Economic Recovery through the International Rule of Law<\/em>\u201d (Promouvoir la paix dans le monde et la reprise \u00e9conomique mondiale gr\u00e2ce \u00e0 l\u2019\u00c9tat de droit international).<\/p>\n<p style=\"text-align: justify;\">\n<p style=\"text-align: justify;\">Lors du Forum, le Professeur Ignacio Tirado, Secr\u00e9taire G\u00e9n\u00e9ral d\u2019UNIDROIT, a prononc\u00e9 un discours sur \u201cle r\u00f4le d\u2019UNIDROIT dans l\u2019harmonisation du droit international priv\u00e9 et du droit commercial pour soutenir le d\u00e9veloppement \u00e9conomique\u201d. Plac\u00e9 sous la direction du Pr\u00e9sident de la Soci\u00e9t\u00e9 chinoise de droit international, le Professeur Huang Jin, la r\u00e9union a \u00e9galement b\u00e9n\u00e9fici\u00e9 des pr\u00e9sentations de Mme Wang Dong (D\u00e9partement des trait\u00e9s et du droit, minist\u00e8re des Affaires \u00c9trang\u00e8res), de Mme Teresa Cheng Yeuk-wah (ancienne Secr\u00e9taire \u00e0 la justice de la R\u00e9gion administrative sp\u00e9ciale de Hong Kong de la R\u00e9publique populaire de Chine), du Professeur Huang Jiefeng (ancien Secr\u00e9taire \u00e0 la justice de la R\u00e9gion administrative sp\u00e9ciale de Hong Kong de la R\u00e9publique populaire de Chine), du Professeur Huang Jiefeng (ancien directeur du Bureau des affaires juridiques de l\u2019OACI), du Dr Sun Jin (Directeur G\u00e9n\u00e9ral du Bureau pr\u00e9paratoire de l\u2019Organisation internationale de m\u00e9diation) et du juge Guo Zaiyu (juge de la quatri\u00e8me cour civile de la Cour populaire supr\u00eame de Chine).<\/p>\n<p style=\"padding-left: 160px;\"><img loading=\"lazy\" decoding=\"async\" class=\"alignnone size-medium wp-image-24340 alignleft\" src=\"https:\/\/www.unidroit.org\/wp-content\/uploads\/2023\/12\/UNIDROIT-Secretary-General-Ignacio-Tirado-delivers-keynote-address-at-the-8th-East-Lake-Forum-on-International-Law-in-Wuhan-December-2023-1-scaled.jpg\" alt=\"\" width=\"300\" height=\"200\" srcset=\"https:\/\/www.unidroit.org\/wp-content\/uploads\/2023\/12\/UNIDROIT-Secretary-General-Ignacio-Tirado-delivers-keynote-address-at-the-8th-East-Lake-Forum-on-International-Law-in-Wuhan-December-2023-1-scaled.jpg 2560w, https:\/\/www.unidroit.org\/wp-content\/uploads\/2023\/12\/UNIDROIT-Secretary-General-Ignacio-Tirado-delivers-keynote-address-at-the-8th-East-Lake-Forum-on-International-Law-in-Wuhan-December-2023-1-scaled-300x200.jpg 300w, https:\/\/www.unidroit.org\/wp-content\/uploads\/2023\/12\/UNIDROIT-Secretary-General-Ignacio-Tirado-delivers-keynote-address-at-the-8th-East-Lake-Forum-on-International-Law-in-Wuhan-December-2023-1-scaled-1024x682.jpg 1024w\" sizes=\"auto, (max-width: 300px) 100vw, 300px\" \/> <img loading=\"lazy\" decoding=\"async\" class=\"alignnone size-medium wp-image-24338 alignleft\" src=\"https:\/\/www.unidroit.org\/wp-content\/uploads\/2023\/12\/UNIDROIT-Secretary-General-Ignacio-Tirado-delivers-keynote-address-at-the-8th-East-Lake-Forum-on-International-Law-in-Wuhan-December-2023-scaled.jpg\" alt=\"\" width=\"300\" height=\"200\" srcset=\"https:\/\/www.unidroit.org\/wp-content\/uploads\/2023\/12\/UNIDROIT-Secretary-General-Ignacio-Tirado-delivers-keynote-address-at-the-8th-East-Lake-Forum-on-International-Law-in-Wuhan-December-2023-scaled.jpg 2560w, https:\/\/www.unidroit.org\/wp-content\/uploads\/2023\/12\/UNIDROIT-Secretary-General-Ignacio-Tirado-delivers-keynote-address-at-the-8th-East-Lake-Forum-on-International-Law-in-Wuhan-December-2023-scaled-300x200.jpg 300w, https:\/\/www.unidroit.org\/wp-content\/uploads\/2023\/12\/UNIDROIT-Secretary-General-Ignacio-Tirado-delivers-keynote-address-at-the-8th-East-Lake-Forum-on-International-Law-in-Wuhan-December-2023-scaled-1024x683.jpg 1024w\" sizes=\"auto, (max-width: 300px) 100vw, 300px\" \/><\/p>\n<p>&nbsp;<\/p>\n<p>&nbsp;<\/p>\n<p>&nbsp;<\/p>\n<p>&nbsp;<\/p>\n<p>&nbsp;<\/p>\n<p>&nbsp;<\/p>\n<p style=\"text-align: center;\">Le Secr\u00e9taire G\u00e9n\u00e9ral d\u2019UNIDROIT, Ignacio Tirado, prononce un discours lors du 8<sup>\u00e8me<\/sup> Forum East Lake sur le droit international \u00e0 Wuhan &#8211; d\u00e9cembre 2023<\/p>\n","protected":false},"excerpt":{"rendered":"<p>Les 2 et 3 d\u00e9cembre 2023, UNIDROIT a particip\u00e9 \u00e0 un forum juridique de haut niveau \u00e0 Wuhan, R\u00e9publique populaire de Chine. Le Forum, organis\u00e9 conjointement par le Conseil chinois pour la promotion du commerce international, l\u2019Universit\u00e9 de Wuhan et la Soci\u00e9t\u00e9 chinoise de droit&nbsp;<a href=\"https:\/\/www.unidroit.org\/fr\/unidroit-participe-au-8eme-forum-east-lake-sur-le-droit-international-a-wuhan-chine\/\">&hellip;<\/a><\/p>\n","protected":false},"author":15,"featured_media":24337,"comment_status":"closed","ping_status":"open","sticky":false,"template":"","format":"standard","meta":{"ep_exclude_from_search":false,"footnotes":""},"categories":[79],"tags":[],"class_list":["post-24348","post","type-post","status-publish","format-standard","has-post-thumbnail","hentry","category-actualites","odd"],"_links":{"self":[{"href":"https:\/\/www.unidroit.org\/fr\/wp-json\/wp\/v2\/posts\/24348","targetHints":{"allow":["GET"]}}],"collection":[{"href":"https:\/\/www.unidroit.org\/fr\/wp-json\/wp\/v2\/posts"}],"about":[{"href":"https:\/\/www.unidroit.org\/fr\/wp-json\/wp\/v2\/types\/post"}],"author":[{"embeddable":true,"href":"https:\/\/www.unidroit.org\/fr\/wp-json\/wp\/v2\/users\/15"}],"replies":[{"embeddable":true,"href":"https:\/\/www.unidroit.org\/fr\/wp-json\/wp\/v2\/comments?post=24348"}],"version-history":[{"count":0,"href":"https:\/\/www.unidroit.org\/fr\/wp-json\/wp\/v2\/posts\/24348\/revisions"}],"wp:featuredmedia":[{"embeddable":true,"href":"https:\/\/www.unidroit.org\/fr\/wp-json\/wp\/v2\/media\/24337"}],"wp:attachment":[{"href":"https:\/\/www.unidroit.org\/fr\/wp-json\/wp\/v2\/media?parent=24348"}],"wp:term":[{"taxonomy":"category","embeddable":true,"href":"https:\/\/www.unidroit.org\/fr\/wp-json\/wp\/v2\/categories?post=24348"},{"taxonomy":"post_tag","embeddable":true,"href":"https:\/\/www.unidroit.org\/fr\/wp-json\/wp\/v2\/tags?post=24348"}],"curies":[{"name":"wp","href":"https:\/\/api.w.org\/{rel}","templated":true}]}}