{"id":24514,"date":"2023-12-14T16:56:29","date_gmt":"2023-12-14T15:56:29","guid":{"rendered":"https:\/\/www.unidroit.org\/?p=24514"},"modified":"2023-12-14T16:58:28","modified_gmt":"2023-12-14T15:58:28","slug":"election-du-conseil-de-direction","status":"publish","type":"post","link":"https:\/\/www.unidroit.org\/fr\/election-du-conseil-de-direction\/","title":{"rendered":"\u00c9lection du Conseil de Direction"},"content":{"rendered":"<p style=\"text-align: justify;\">UNIDROIT a le plaisir d\u2019annoncer que, lors de sa 82<sup>\u00e8me<\/sup> session, tenue le 14 d\u00e9cembre 2023, l\u2019Assembl\u00e9e G\u00e9n\u00e9rale d\u2019UNIDROIT a \u00e9lu les membres du Conseil de Direction d\u2019UNIDROIT, pour le quinquennat allant du 1<sup>er<\/sup> janvier 2024 au 31 d\u00e9cembre 2028, comme suit:<\/p>\n<p>Ms Karen BANKS (Ireland \/ <em>Irlande<\/em>)<\/p>\n<p>Ms Stefania BARIATTI (Italy \/ <em>Italie<\/em>)<\/p>\n<p>Mr Jean-Christophe BOULET (Belgium \/ <em>Belgique<\/em>)<\/p>\n<p>Mr Yusuf \u00c7ALI\u015eKAN (T\u00fcrkiye)<\/p>\n<p>Mr Alfonso Luis CALVO CARAVACA (Spain \/ <em>Espagne)<\/em><\/p>\n<p>Ms Eugenia DACORONIA (Greece \/ <em>Gr\u00e8ce<\/em>)<\/p>\n<p>Mr R\u00e9mi DECOUT-PAOLINI (France)<\/p>\n<p>Mr Daniel DENMAN (United Kingdom \/ <em>Royaume-Uni<\/em>)<\/p>\n<p>Mr Lars ENTELMANN (Germany \/ <em>Allemagne<\/em>)<\/p>\n<p>Mr Eesa Allie FREDERICKS (South Africa \/ <em>Afrique du Sud<\/em>)<\/p>\n<p>Mr Hideki KANDA (Japan \/ <em>Japon<\/em>)<\/p>\n<p>Mr Inho KIM (Republic of Korea \/ <em>R\u00e9publique de Cor\u00e9e<\/em>)<\/p>\n<p>Mr Antti LEINONEN (Finland \/ <em>Finlande<\/em>)<\/p>\n<p>Mr Niklaus MEIER (Switzerland \/ <em>Suisse)<\/em><\/p>\n<p>Mr Attila MENYH\u00c1RD (Hungary \/ <em>Hongrie)<\/em><\/p>\n<p>Mr Jos\u00e9 Antonio MORENO RODR\u00cdGUEZ (Paraguay)<\/p>\n<p>Ms Sharon ONG (Singapore \/ <em>Singapour<\/em>)<\/p>\n<p>Ms Monika PAUKNEROV\u00c1 (Czech Republic \/ <em>R\u00e9publique tch\u00e8que)<\/em><\/p>\n<p>Mr Lauris RASNACS (Latvia \/ <em>Lettonie)<\/em><\/p>\n<p>Ms Kathryn SABO (Canada)<\/p>\n<p>Mr Jorge S\u00c1NCHEZ CORDERO (Mexico \/ <em>Mexique)<\/em><\/p>\n<p>Ms Uma SEKHAR (India \/ <em>Inde<\/em>)<\/p>\n<p>Ms Carla Heleen SIEBURGH (Netherlands \/ <em>Pays Bas<\/em>)<\/p>\n<p>Mr Andrzej SZUMA\u0143SKI (Poland \/ <em>Pologne<\/em>)<\/p>\n<p>Ms Maria Ignacia VIAL UNDURRAGA (Chile \/ <em>Chili<\/em>)<\/p>\n","protected":false},"excerpt":{"rendered":"<p>UNIDROIT a le plaisir d\u2019annoncer que, lors de sa 82\u00e8me session, tenue le 14 d\u00e9cembre 2023, l\u2019Assembl\u00e9e G\u00e9n\u00e9rale d\u2019UNIDROIT a \u00e9lu les membres du Conseil de Direction d\u2019UNIDROIT, pour le quinquennat allant du 1er janvier 2024 au 31 d\u00e9cembre 2028, comme suit: Ms Karen BANKS&nbsp;<a href=\"https:\/\/www.unidroit.org\/fr\/election-du-conseil-de-direction\/\">&hellip;<\/a><\/p>\n","protected":false},"author":25,"featured_media":24512,"comment_status":"closed","ping_status":"open","sticky":false,"template":"","format":"standard","meta":{"ep_exclude_from_search":false,"footnotes":""},"categories":[79],"tags":[],"class_list":["post-24514","post","type-post","status-publish","format-standard","has-post-thumbnail","hentry","category-actualites","odd"],"_links":{"self":[{"href":"https:\/\/www.unidroit.org\/fr\/wp-json\/wp\/v2\/posts\/24514","targetHints":{"allow":["GET"]}}],"collection":[{"href":"https:\/\/www.unidroit.org\/fr\/wp-json\/wp\/v2\/posts"}],"about":[{"href":"https:\/\/www.unidroit.org\/fr\/wp-json\/wp\/v2\/types\/post"}],"author":[{"embeddable":true,"href":"https:\/\/www.unidroit.org\/fr\/wp-json\/wp\/v2\/users\/25"}],"replies":[{"embeddable":true,"href":"https:\/\/www.unidroit.org\/fr\/wp-json\/wp\/v2\/comments?post=24514"}],"version-history":[{"count":0,"href":"https:\/\/www.unidroit.org\/fr\/wp-json\/wp\/v2\/posts\/24514\/revisions"}],"wp:featuredmedia":[{"embeddable":true,"href":"https:\/\/www.unidroit.org\/fr\/wp-json\/wp\/v2\/media\/24512"}],"wp:attachment":[{"href":"https:\/\/www.unidroit.org\/fr\/wp-json\/wp\/v2\/media?parent=24514"}],"wp:term":[{"taxonomy":"category","embeddable":true,"href":"https:\/\/www.unidroit.org\/fr\/wp-json\/wp\/v2\/categories?post=24514"},{"taxonomy":"post_tag","embeddable":true,"href":"https:\/\/www.unidroit.org\/fr\/wp-json\/wp\/v2\/tags?post=24514"}],"curies":[{"name":"wp","href":"https:\/\/api.w.org\/{rel}","templated":true}]}}