{"id":24802,"date":"2024-01-17T14:25:46","date_gmt":"2024-01-17T13:25:46","guid":{"rendered":"https:\/\/www.unidroit.org\/nomination-de-m-leonardo-nemer-caldeira-brant-juge-a-la-cour-internationale-de-justice-comme-26eme-membre-du-conseil-de-direction-dunidroit\/"},"modified":"2024-01-17T14:29:45","modified_gmt":"2024-01-17T13:29:45","slug":"nomination-de-m-leonardo-nemer-caldeira-brant-juge-a-la-cour-internationale-de-justice-comme-26eme-membre-du-conseil-de-direction-dunidroit","status":"publish","type":"post","link":"https:\/\/www.unidroit.org\/fr\/nomination-de-m-leonardo-nemer-caldeira-brant-juge-a-la-cour-internationale-de-justice-comme-26eme-membre-du-conseil-de-direction-dunidroit\/","title":{"rendered":"Nomination de M. Leonardo Nemer Caldeira Brant comme 26\u00e8me membre du Conseil de Direction d\u2019UNIDROIT"},"content":{"rendered":"<p>Le 14 d\u00e9cembre 2023, lors de sa 82\u00e8me session, l\u2019Assembl\u00e9e G\u00e9n\u00e9rale d\u2019UNIDROIT a confirm\u00e9, par acclamation, la nomination de M. Leonardo Nemer Caldeira Brant, Juge \u00e0 la Cour Internationale de Justice, comme 26\u00e8me membre du Conseil de Direction d\u2019UNIDROIT. Sa nomination a \u00e9t\u00e9 propos\u00e9e par la Pr\u00e9sidente de la Cour Internationale de Justice, Mme Joan E. Donoghue, selon les dispositions de l\u2019article 6(3) du Statut organique.<\/p>\n","protected":false},"excerpt":{"rendered":"<p>Le 14 d\u00e9cembre 2023, lors de sa 82\u00e8me session, l\u2019Assembl\u00e9e G\u00e9n\u00e9rale d\u2019UNIDROIT a confirm\u00e9, par acclamation, la nomination de M. Leonardo Nemer Caldeira Brant, Juge \u00e0 la Cour Internationale de Justice, comme 26\u00e8me membre du Conseil de Direction d\u2019UNIDROIT. Sa nomination a \u00e9t\u00e9 propos\u00e9e par&nbsp;<a href=\"https:\/\/www.unidroit.org\/fr\/nomination-de-m-leonardo-nemer-caldeira-brant-juge-a-la-cour-internationale-de-justice-comme-26eme-membre-du-conseil-de-direction-dunidroit\/\">&hellip;<\/a><\/p>\n","protected":false},"author":20,"featured_media":24800,"comment_status":"closed","ping_status":"open","sticky":false,"template":"","format":"standard","meta":{"ep_exclude_from_search":false,"footnotes":""},"categories":[79],"tags":[],"class_list":["post-24802","post","type-post","status-publish","format-standard","has-post-thumbnail","hentry","category-actualites","odd"],"_links":{"self":[{"href":"https:\/\/www.unidroit.org\/fr\/wp-json\/wp\/v2\/posts\/24802","targetHints":{"allow":["GET"]}}],"collection":[{"href":"https:\/\/www.unidroit.org\/fr\/wp-json\/wp\/v2\/posts"}],"about":[{"href":"https:\/\/www.unidroit.org\/fr\/wp-json\/wp\/v2\/types\/post"}],"author":[{"embeddable":true,"href":"https:\/\/www.unidroit.org\/fr\/wp-json\/wp\/v2\/users\/20"}],"replies":[{"embeddable":true,"href":"https:\/\/www.unidroit.org\/fr\/wp-json\/wp\/v2\/comments?post=24802"}],"version-history":[{"count":0,"href":"https:\/\/www.unidroit.org\/fr\/wp-json\/wp\/v2\/posts\/24802\/revisions"}],"wp:featuredmedia":[{"embeddable":true,"href":"https:\/\/www.unidroit.org\/fr\/wp-json\/wp\/v2\/media\/24800"}],"wp:attachment":[{"href":"https:\/\/www.unidroit.org\/fr\/wp-json\/wp\/v2\/media?parent=24802"}],"wp:term":[{"taxonomy":"category","embeddable":true,"href":"https:\/\/www.unidroit.org\/fr\/wp-json\/wp\/v2\/categories?post=24802"},{"taxonomy":"post_tag","embeddable":true,"href":"https:\/\/www.unidroit.org\/fr\/wp-json\/wp\/v2\/tags?post=24802"}],"curies":[{"name":"wp","href":"https:\/\/api.w.org\/{rel}","templated":true}]}}