{"id":28187,"date":"2024-09-16T17:23:24","date_gmt":"2024-09-16T15:23:24","guid":{"rendered":"https:\/\/www.unidroit.org\/?p=28187"},"modified":"2024-09-16T17:24:11","modified_gmt":"2024-09-16T15:24:11","slug":"unidroit-participe-a-la-7eme-conference-annuelle-solair","status":"publish","type":"post","link":"https:\/\/www.unidroit.org\/fr\/unidroit-participe-a-la-7eme-conference-annuelle-solair\/","title":{"rendered":"UNIDROIT participe \u00e0 la 7\u00e8me Conf\u00e9rence annuelle SOLAIR"},"content":{"rendered":"<p style=\"text-align: justify;\">Le 11 septembre 2024, Mme Myrte Thijssen, Fonctionnaire juridique d\u2019UNIDROIT, a prononc\u00e9 un discours lors de l\u2019\u00e9dition 2024 de la Conf\u00e9rence internationale SOLAIR, organis\u00e9e par l\u2019Institut de l\u2019\u00c9tat et du droit de l\u2019Acad\u00e9mie des sciences de la R\u00e9publique tch\u00e8que en coop\u00e9ration avec le Minist\u00e8re de l\u2019industrie et du commerce de la R\u00e9publique tch\u00e8que, \u00e0 Prague (R\u00e9publique tch\u00e8que). UNIDROIT \u00e9tait l\u2019un des partenaires de cette conf\u00e9rence.<\/p>\n<p style=\"text-align: justify;\">L\u2019\u00e9v\u00e9nement a r\u00e9uni des participants des secteurs public et priv\u00e9 pour aborder les derniers d\u00e9veloppements en mati\u00e8re d\u2019intelligence artificielle (IA) et de robotique. Mme Thijssen a prononc\u00e9 un discours sur les Principes d\u2019UNIDROIT relatifs aux actifs num\u00e9riques et droit priv\u00e9 (Principes ANDP) et le lien potentiel avec les technologies de l\u2019IA, dans le cadre de la table ronde intitul\u00e9e \u201cOrganisations internationales et r\u00e9glementation de l\u2019IA\u201d, anim\u00e9e par la Professeure Al\u017eb\u011bta Solarczyk Krausov\u00e1. Mme Thijssen a \u00e9galement mentionn\u00e9 d\u2019autres travaux d\u2019UNIDROIT visant \u00e0 soutenir l\u2019\u00e9conomie num\u00e9rique mondiale, notamment le r\u00e9cent projet d\u2019UNIDROIT sur les cr\u00e9dits de carbone v\u00e9rifi\u00e9s.<\/p>\n<p>Pour en savoir plus sur la Conf\u00e9rence SOLAIR\u00a0: <a href=\"https:\/\/solairconference.com\/\" target=\"_blank\" rel=\"noopener\">https:\/\/solairconference.com\/<\/a>.<\/p>\n<p>Les Principes ANDP sont disponibles en anglais au lien suivant <a href=\"https:\/\/www.unidroit.org\/instruments\/digital-assets-and-private-law\/\">https:\/\/www.unidroit.org\/instruments\/digital-assets-and-private-law\/<\/a>. <span style=\"font-size: 10pt;\">(La version fran\u00e7aise est en cours de pr\u00e9paration)<\/span><\/p>\n<p><img loading=\"lazy\" decoding=\"async\" class=\"alignnone size-medium wp-image-28181\" src=\"https:\/\/www.unidroit.org\/wp-content\/uploads\/2024\/09\/IMG_8451-225x300.jpg\" alt=\"\" width=\"225\" height=\"300\" srcset=\"https:\/\/www.unidroit.org\/wp-content\/uploads\/2024\/09\/IMG_8451-225x300.jpg 225w, https:\/\/www.unidroit.org\/wp-content\/uploads\/2024\/09\/IMG_8451.jpg 768w\" sizes=\"auto, (max-width: 225px) 100vw, 225px\" \/>\u00a0 \u00a0 \u00a0 \u00a0 \u00a0 \u00a0 \u00a0<img loading=\"lazy\" decoding=\"async\" class=\"alignnone size-medium wp-image-28185\" src=\"https:\/\/www.unidroit.org\/wp-content\/uploads\/2024\/09\/IMG_8468-300x223.jpg\" alt=\"\" width=\"300\" height=\"223\" srcset=\"https:\/\/www.unidroit.org\/wp-content\/uploads\/2024\/09\/IMG_8468-300x223.jpg 300w, https:\/\/www.unidroit.org\/wp-content\/uploads\/2024\/09\/IMG_8468-1024x761.jpg 1024w, https:\/\/www.unidroit.org\/wp-content\/uploads\/2024\/09\/IMG_8468.jpg 1170w\" sizes=\"auto, (max-width: 300px) 100vw, 300px\" \/><\/p>\n","protected":false},"excerpt":{"rendered":"<p>Le 11 septembre 2024, Mme Myrte Thijssen, Fonctionnaire juridique d\u2019UNIDROIT, a prononc\u00e9 un discours lors de l\u2019\u00e9dition 2024 de la Conf\u00e9rence internationale SOLAIR, organis\u00e9e par l\u2019Institut de l\u2019\u00c9tat et du droit de l\u2019Acad\u00e9mie des sciences de la R\u00e9publique tch\u00e8que en coop\u00e9ration avec le Minist\u00e8re de&nbsp;<a href=\"https:\/\/www.unidroit.org\/fr\/unidroit-participe-a-la-7eme-conference-annuelle-solair\/\">&hellip;<\/a><\/p>\n","protected":false},"author":19,"featured_media":28183,"comment_status":"closed","ping_status":"open","sticky":false,"template":"","format":"standard","meta":{"ep_exclude_from_search":false,"footnotes":""},"categories":[79,213,322],"tags":[],"class_list":["post-28187","post","type-post","status-publish","format-standard","has-post-thumbnail","hentry","category-actualites","category-digital-assets-private-law-fr","category-sustainable-development","odd"],"_links":{"self":[{"href":"https:\/\/www.unidroit.org\/fr\/wp-json\/wp\/v2\/posts\/28187","targetHints":{"allow":["GET"]}}],"collection":[{"href":"https:\/\/www.unidroit.org\/fr\/wp-json\/wp\/v2\/posts"}],"about":[{"href":"https:\/\/www.unidroit.org\/fr\/wp-json\/wp\/v2\/types\/post"}],"author":[{"embeddable":true,"href":"https:\/\/www.unidroit.org\/fr\/wp-json\/wp\/v2\/users\/19"}],"replies":[{"embeddable":true,"href":"https:\/\/www.unidroit.org\/fr\/wp-json\/wp\/v2\/comments?post=28187"}],"version-history":[{"count":0,"href":"https:\/\/www.unidroit.org\/fr\/wp-json\/wp\/v2\/posts\/28187\/revisions"}],"wp:featuredmedia":[{"embeddable":true,"href":"https:\/\/www.unidroit.org\/fr\/wp-json\/wp\/v2\/media\/28183"}],"wp:attachment":[{"href":"https:\/\/www.unidroit.org\/fr\/wp-json\/wp\/v2\/media?parent=28187"}],"wp:term":[{"taxonomy":"category","embeddable":true,"href":"https:\/\/www.unidroit.org\/fr\/wp-json\/wp\/v2\/categories?post=28187"},{"taxonomy":"post_tag","embeddable":true,"href":"https:\/\/www.unidroit.org\/fr\/wp-json\/wp\/v2\/tags?post=28187"}],"curies":[{"name":"wp","href":"https:\/\/api.w.org\/{rel}","templated":true}]}}