{"id":28466,"date":"2024-10-01T11:11:37","date_gmt":"2024-10-01T09:11:37","guid":{"rendered":"https:\/\/www.unidroit.org\/unidroit-participates-in-the-3rd-forum-on-rule-of-law-in-global-digital-trade-hangzhou-peoples-republic-of-china\/"},"modified":"2024-10-02T09:00:53","modified_gmt":"2024-10-02T07:00:53","slug":"unidroit-participe-au-troisieme-forum-sur-letat-de-droit-dans-le-commerce-numerique-mondial-hangzhou-republique-populaire-de-chine","status":"publish","type":"post","link":"https:\/\/www.unidroit.org\/fr\/unidroit-participe-au-troisieme-forum-sur-letat-de-droit-dans-le-commerce-numerique-mondial-hangzhou-republique-populaire-de-chine\/","title":{"rendered":"UNIDROIT participe au troisi\u00e8me Forum sur l\u2019\u00c9tat de droit dans le commerce num\u00e9rique mondial (Hangzhou, R\u00e9publique populaire de Chine)"},"content":{"rendered":"<p style=\"text-align: justify;\">Les 26 et 27 septembre 2024, Mme Myrte Thijssen, Fonctionnaire d\u2019UNIDROIT, a prononc\u00e9 un discours lors du troisi\u00e8me Forum sur l\u2019\u00c9tat de droit dans le commerce num\u00e9rique mondial, tenu \u00e0 Hangzhou, R\u00e9publique populaire de Chine. L\u2019\u00e9v\u00e9nement a \u00e9t\u00e9 organis\u00e9 conjointement par l\u2019Acad\u00e9mie de droit international et de gouvernance mondiale de l\u2019Universit\u00e9 de Wuhan (<em>Wuhan University Academy of International Law and Global Governance<\/em>), la Soci\u00e9t\u00e9 chinoise de droit international priv\u00e9 (<em>China Society of Private International Law<\/em>) et les autorit\u00e9s locales, dans le cadre de la troisi\u00e8me exposition mondiale sur le commerce num\u00e9rique, organis\u00e9e sous l\u2019\u00e9gide du minist\u00e8re du commerce de la R\u00e9publique populaire de Chine.<\/p>\n<p style=\"text-align: justify;\"><img loading=\"lazy\" decoding=\"async\" class=\" wp-image-28457 alignleft\" src=\"https:\/\/www.unidroit.org\/wp-content\/uploads\/2024\/09\/IMG_8557-200x300.jpg\" alt=\"\" width=\"125\" height=\"188\" srcset=\"https:\/\/www.unidroit.org\/wp-content\/uploads\/2024\/09\/IMG_8557-200x300.jpg 200w, https:\/\/www.unidroit.org\/wp-content\/uploads\/2024\/09\/IMG_8557-682x1024.jpg 682w, https:\/\/www.unidroit.org\/wp-content\/uploads\/2024\/09\/IMG_8557.jpg 1066w\" sizes=\"auto, (max-width: 125px) 100vw, 125px\" \/><\/p>\n<p style=\"text-align: justify;\">Mme Thijssen a pr\u00e9sent\u00e9 les <a href=\"https:\/\/www.unidroit.org\/fr\/instruments\/actifs-numeriques-et-droit-prive\/presentation\/\">Principes d\u2019UNIDROIT relatifs aux actifs num\u00e9riques et droit priv\u00e9<\/a>, ainsi que d\u2019autres travaux d\u2019UNIDROIT visant \u00e0 soutenir le commerce num\u00e9rique mondial, notamment la <a href=\"https:\/\/www.unidroit.org\/fr\/instruments\/affacturage\/loi-type-sur-laffacturage\/\">Loi type d\u2019UNIDROIT sur l\u2019affacturage<\/a>, la <a href=\"https:\/\/www.unidroit.org\/fr\/instruments\/recepisses-dentrepot\/\">Loi type CNUDCI-UNIDROIT sur les r\u00e9c\u00e9piss\u00e9s d\u2019entrep\u00f4t<\/a> et les projets en cours sur les <a href=\"https:\/\/www.unidroit.org\/fr\/travaux-en-cours\/execution-meilleures-pratiques\/\">meilleures pratiques pour des proc\u00e9dures d\u2019ex\u00e9cution efficaces<\/a> et les <a href=\"https:\/\/www.unidroit.org\/fr\/travaux-en-cours\/nature-juridique-des-credits-carbone-verifies\/\">cr\u00e9dits carbone v\u00e9rifi\u00e9s<\/a>.<\/p>\n<p style=\"text-align: justify;\">La session a \u00e9t\u00e9 anim\u00e9e par M. Huan Jiefang (Secr\u00e9taire g\u00e9n\u00e9ral de l\u2019Acad\u00e9mie asiatique de droit international ((AAIL))) et a r\u00e9uni M. Kamalinne Pinitpuvadol (Secr\u00e9taire g\u00e9n\u00e9ral de l\u2019Organisation juridique consultative pour les pays d\u2019Asie et d\u2019Afrique (AALCO)); Mme G\u00e9rardine Goh Escolar (Secr\u00e9taire g\u00e9n\u00e9rale adjointe de la Conf\u00e9rence de La Haye de droit international priv\u00e9 (HCCH)); M. Li Pengde (Directeur g\u00e9n\u00e9ral du Centre mondial des Nations Unies pour les connaissances et l\u2019innovation g\u00e9ospatiales); M. Zheng Juhong (Juge \u00e0 la Haute Cour populaire du Zhejiang); le Professeur Zhou Chenghu (Acad\u00e9mie chinoise des sciences) et le Professeur Kong Qingjiang (Universit\u00e9 chinoise de sciences politiques et de droit).<\/p>\n<p style=\"text-align: justify;\">Les Principes d\u2019UNIDROIT relatifs aux actifs num\u00e9riques et droit priv\u00e9 en anglais peuvent \u00eatre consult\u00e9s <a href=\"https:\/\/www.unidroit.org\/instruments\/digital-assets-and-private-law\/\">ici<\/a>. La version fran\u00e7aise des Principes est <a href=\"https:\/\/www.unidroit.org\/fr\/instruments\/actifs-numeriques-et-droit-prive\/presentation\/\">en cours de pr\u00e9paration<\/a>.<\/p>\n<p>Pour plus d\u2019informations sur l\u2019ordre du jour du symposium, veuillez cliquer <a href=\"https:\/\/www.unidroit.org\/wp-content\/uploads\/2024\/10\/Programme.pdf\">ici<\/a> (en anglais).<\/p>\n<p><img loading=\"lazy\" decoding=\"async\" class=\"alignnone size-medium wp-image-28459\" src=\"https:\/\/www.unidroit.org\/wp-content\/uploads\/2024\/09\/IMG_8559-300x200.jpg\" alt=\"\" width=\"300\" height=\"200\" srcset=\"https:\/\/www.unidroit.org\/wp-content\/uploads\/2024\/09\/IMG_8559-300x200.jpg 300w, https:\/\/www.unidroit.org\/wp-content\/uploads\/2024\/09\/IMG_8559-1024x683.jpg 1024w, https:\/\/www.unidroit.org\/wp-content\/uploads\/2024\/09\/IMG_8559.jpg 1600w\" sizes=\"auto, (max-width: 300px) 100vw, 300px\" \/> <img loading=\"lazy\" decoding=\"async\" class=\"alignnone size-medium wp-image-28455\" src=\"https:\/\/www.unidroit.org\/wp-content\/uploads\/2024\/09\/085ba0a9-438e-41fe-aea0-99ecdbe8d895-300x200.jpg\" alt=\"\" width=\"300\" height=\"200\" srcset=\"https:\/\/www.unidroit.org\/wp-content\/uploads\/2024\/09\/085ba0a9-438e-41fe-aea0-99ecdbe8d895-300x200.jpg 300w, https:\/\/www.unidroit.org\/wp-content\/uploads\/2024\/09\/085ba0a9-438e-41fe-aea0-99ecdbe8d895-1024x682.jpg 1024w, https:\/\/www.unidroit.org\/wp-content\/uploads\/2024\/09\/085ba0a9-438e-41fe-aea0-99ecdbe8d895.jpg 1600w\" sizes=\"auto, (max-width: 300px) 100vw, 300px\" \/><\/p>\n","protected":false},"excerpt":{"rendered":"<p>Les 26 et 27 septembre 2024, Mme Myrte Thijssen, Fonctionnaire d\u2019UNIDROIT, a prononc\u00e9 un discours lors du troisi\u00e8me Forum sur l\u2019\u00c9tat de droit dans le commerce num\u00e9rique mondial, tenu \u00e0 Hangzhou, R\u00e9publique populaire de Chine. L\u2019\u00e9v\u00e9nement a \u00e9t\u00e9 organis\u00e9 conjointement par l\u2019Acad\u00e9mie de droit international&nbsp;<a href=\"https:\/\/www.unidroit.org\/fr\/unidroit-participe-au-troisieme-forum-sur-letat-de-droit-dans-le-commerce-numerique-mondial-hangzhou-republique-populaire-de-chine\/\">&hellip;<\/a><\/p>\n","protected":false},"author":19,"featured_media":28462,"comment_status":"closed","ping_status":"closed","sticky":false,"template":"","format":"standard","meta":{"ep_exclude_from_search":false,"footnotes":""},"categories":[79,213,225,322,220],"tags":[],"class_list":["post-28466","post","type-post","status-publish","format-standard","has-post-thumbnail","hentry","category-actualites","category-digital-assets-private-law-fr","category-factoring-fr","category-sustainable-development","category-warehouse-fr-2","odd"],"_links":{"self":[{"href":"https:\/\/www.unidroit.org\/fr\/wp-json\/wp\/v2\/posts\/28466","targetHints":{"allow":["GET"]}}],"collection":[{"href":"https:\/\/www.unidroit.org\/fr\/wp-json\/wp\/v2\/posts"}],"about":[{"href":"https:\/\/www.unidroit.org\/fr\/wp-json\/wp\/v2\/types\/post"}],"author":[{"embeddable":true,"href":"https:\/\/www.unidroit.org\/fr\/wp-json\/wp\/v2\/users\/19"}],"replies":[{"embeddable":true,"href":"https:\/\/www.unidroit.org\/fr\/wp-json\/wp\/v2\/comments?post=28466"}],"version-history":[{"count":0,"href":"https:\/\/www.unidroit.org\/fr\/wp-json\/wp\/v2\/posts\/28466\/revisions"}],"wp:featuredmedia":[{"embeddable":true,"href":"https:\/\/www.unidroit.org\/fr\/wp-json\/wp\/v2\/media\/28462"}],"wp:attachment":[{"href":"https:\/\/www.unidroit.org\/fr\/wp-json\/wp\/v2\/media?parent=28466"}],"wp:term":[{"taxonomy":"category","embeddable":true,"href":"https:\/\/www.unidroit.org\/fr\/wp-json\/wp\/v2\/categories?post=28466"},{"taxonomy":"post_tag","embeddable":true,"href":"https:\/\/www.unidroit.org\/fr\/wp-json\/wp\/v2\/tags?post=28466"}],"curies":[{"name":"wp","href":"https:\/\/api.w.org\/{rel}","templated":true}]}}