{"id":28522,"date":"2024-10-02T17:44:15","date_gmt":"2024-10-02T15:44:15","guid":{"rendered":"https:\/\/www.unidroit.org\/unidroit-welcomes-the-g7-culture-ministers-declaration-in-naples\/"},"modified":"2024-10-03T11:02:20","modified_gmt":"2024-10-03T09:02:20","slug":"unidroit-salue-la-declaration-des-ministres-de-la-culture-du-g7-a-naples","status":"publish","type":"post","link":"https:\/\/www.unidroit.org\/fr\/unidroit-salue-la-declaration-des-ministres-de-la-culture-du-g7-a-naples\/","title":{"rendered":"UNIDROIT salue la d\u00e9claration des Ministres de la culture du G7 \u00e0 Naples"},"content":{"rendered":"<p style=\"text-align: justify;\">Le 20 et 21 septembre 2024, les Ministres de la Culture du G7 se sont r\u00e9unis \u00e0 Naples pour rappeler le r\u00f4le central de la culture pour les peuples et sa valeur intrins\u00e8que, au-del\u00e0 de ses b\u00e9n\u00e9fices sociaux, environnementaux et \u00e9conomiques. Il est imp\u00e9ratif de renforcer le r\u00f4le de la culture dans nos soci\u00e9t\u00e9s et de pr\u00e9server les ressources culturelles des menaces contemporaines telles que, notamment, le changement climatique, le trafic illicite de biens culturels ou encore la destruction du patrimoine culturel due aux conflits arm\u00e9s et aux catastrophes. UNIDROIT, en tant qu\u2019organisation intergouvernementale, \u00e0 un r\u00f4le d\u00e9terminant \u00e0 jouer dans la mise en \u0153uvre des engagements pris lors de cette rencontre, qui font \u00e9cho \u00e0 ceux de la <a href=\"https:\/\/www.unesco.org\/sites\/default\/files\/medias\/fichiers\/2022\/10\/6.MONDIACULT_FR_DRAFT%20FINAL%20DECLARATION.pdf\" target=\"_blank\" rel=\"noopener\">D\u00e9claration MONDIACULT de 2022<\/a> et de la <a href=\"https:\/\/g7g20-documents.org\/fileadmin\/G7G20_documents\/2023\/G20\/India\/Sherpa-Track\/Culture%20Ministers\/1%20Ministers&#039;%20Language\/G20_Culture%20Ministers%20Meeting_Outcome%20Document%20and%20Chairs%20Summary_26082023.pdf\" target=\"_blank\" rel=\"noopener\">D\u00e9claration du G20 de 2023<\/a> notamment.<\/p>\n<p style=\"text-align: justify;\"><strong>Lutte contre le trafic illicite de biens culturels<\/strong><\/p>\n<p style=\"text-align: justify;\">La <a href=\"https:\/\/www.g7italy.it\/wp-content\/uploads\/G7-Culture-Declaration-EN-DEF.pdf\" target=\"_blank\" rel=\"noopener\">D\u00e9claration des Ministres de la culture<\/a> a soulign\u00e9 les dommages caus\u00e9s par ce fl\u00e9au au patrimoine de l\u2019ensemble des peuples et l\u2019importance de renforcer les m\u00e9canismes de coop\u00e9ration internationale pour combattre le trafic illicite, en \u00e9troite collaboration avec les organisations pertinentes dont UNIDROIT. La D\u00e9claration rappelle \u00e9galement l\u2019importance d\u2019encourager une large ratification et mise en \u0153uvre des instruments existants parmi lesquels la <a href=\"https:\/\/www.unidroit.org\/fr\/instruments\/biens-culturels\/convention-de-1995\/\"><em>Convention<\/em> <em>d\u2019UNIDROIT<\/em> <em>de 1995 sur les biens culturels vol\u00e9s ou illicitement export\u00e9s<\/em><\/a>. UNIDROIT, par le biais de ses instruments (dont les <a href=\"https:\/\/www.unidroit.org\/fr\/instruments\/biens-culturels\/2012-dispositions-modeles\/\">Dispositions mod\u00e8les UNESCO-UNIDROIT d\u00e9finissant la propri\u00e9t\u00e9 de l\u2019\u00c9tat sur les biens culturels non d\u00e9couverts<\/a>), s\u2019engage \u00e0 promouvoir des normes et des pratiques visant \u00e0 prot\u00e9ger le patrimoine culturel mondial. En fournissant des outils juridiques et des lignes directrices, UNIDROIT aide les pays \u00e0 \u00e9laborer des l\u00e9gislations efficaces pour la pr\u00e9vention et la r\u00e9pression de ce fl\u00e9au.<\/p>\n<p style=\"text-align: justify;\"><strong>Soutien aux Pays Africains<\/strong><\/p>\n<p style=\"text-align: justify;\">Lors du Sommet culturel du G7, la <a href=\"https:\/\/www.g7italy.it\/wp-content\/uploads\/G7-Culture-Special-Session-Statement-EN.pdf\" target=\"_blank\" rel=\"noopener\">D\u00e9claration de Naples sur la culture pour le d\u00e9veloppement durable de l&#8217;Afrique et du monde<\/a> a \u00e9galement \u00e9t\u00e9 adopt\u00e9e. Les Ministres de la culture des pays du G7 se sont engag\u00e9s \u00e0 travailler avec les gouvernements africains et l&#8217;Union africaine pour faire de la culture un moteur essentiel du d\u00e9veloppement durable. Cet engagement comprend notamment l&#8217;\u00e9tablissement de partenariats fond\u00e9s sur le respect des identit\u00e9s culturelles et la compr\u00e9hension mutuelle.<\/p>\n<p style=\"text-align: justify;\">Reconnaissant la sp\u00e9cificit\u00e9 des d\u00e9fis rencontr\u00e9s par les pays africains, UNIDROIT a mis en place des initiatives cibl\u00e9es pour renforcer leurs capacit\u00e9s \u00e0 lutter contre le trafic illicites avec des partenaires africains (en particulier avec l\u2019Union africaine et la CEDEAO). Cela inclut des formations, des ateliers et des programmes d\u2019assistance technique qui visent \u00e0 sensibiliser et \u00e0 outiller les acteurs locaux.<\/p>\n<p>&nbsp;<\/p>\n<p>&nbsp;<\/p>\n","protected":false},"excerpt":{"rendered":"<p>Le 20 et 21 septembre 2024, les Ministres de la Culture du G7 se sont r\u00e9unis \u00e0 Naples pour rappeler le r\u00f4le central de la culture pour les peuples et sa valeur intrins\u00e8que, au-del\u00e0 de ses b\u00e9n\u00e9fices sociaux, environnementaux et \u00e9conomiques. Il est imp\u00e9ratif de&nbsp;<a href=\"https:\/\/www.unidroit.org\/fr\/unidroit-salue-la-declaration-des-ministres-de-la-culture-du-g7-a-naples\/\">&hellip;<\/a><\/p>\n","protected":false},"author":19,"featured_media":28516,"comment_status":"closed","ping_status":"open","sticky":false,"template":"","format":"standard","meta":{"ep_exclude_from_search":false,"footnotes":""},"categories":[217,79,218],"tags":[],"class_list":["post-28522","post","type-post","status-publish","format-standard","has-post-thumbnail","hentry","category-1995-convention-fr","category-actualites","category-cultural-property-fr","odd"],"_links":{"self":[{"href":"https:\/\/www.unidroit.org\/fr\/wp-json\/wp\/v2\/posts\/28522","targetHints":{"allow":["GET"]}}],"collection":[{"href":"https:\/\/www.unidroit.org\/fr\/wp-json\/wp\/v2\/posts"}],"about":[{"href":"https:\/\/www.unidroit.org\/fr\/wp-json\/wp\/v2\/types\/post"}],"author":[{"embeddable":true,"href":"https:\/\/www.unidroit.org\/fr\/wp-json\/wp\/v2\/users\/19"}],"replies":[{"embeddable":true,"href":"https:\/\/www.unidroit.org\/fr\/wp-json\/wp\/v2\/comments?post=28522"}],"version-history":[{"count":0,"href":"https:\/\/www.unidroit.org\/fr\/wp-json\/wp\/v2\/posts\/28522\/revisions"}],"wp:featuredmedia":[{"embeddable":true,"href":"https:\/\/www.unidroit.org\/fr\/wp-json\/wp\/v2\/media\/28516"}],"wp:attachment":[{"href":"https:\/\/www.unidroit.org\/fr\/wp-json\/wp\/v2\/media?parent=28522"}],"wp:term":[{"taxonomy":"category","embeddable":true,"href":"https:\/\/www.unidroit.org\/fr\/wp-json\/wp\/v2\/categories?post=28522"},{"taxonomy":"post_tag","embeddable":true,"href":"https:\/\/www.unidroit.org\/fr\/wp-json\/wp\/v2\/tags?post=28522"}],"curies":[{"name":"wp","href":"https:\/\/api.w.org\/{rel}","templated":true}]}}