{"id":28659,"date":"2024-10-14T11:28:33","date_gmt":"2024-10-14T09:28:33","guid":{"rendered":"https:\/\/www.unidroit.org\/cape-town-convention-and-aircraft-protocol-accession-by-the-republic-of-uganda\/"},"modified":"2024-10-14T12:00:26","modified_gmt":"2024-10-14T10:00:26","slug":"convention-du-cap-et-protocole-aeronautique-adhesion-de-la-republique-douganda","status":"publish","type":"post","link":"https:\/\/www.unidroit.org\/fr\/convention-du-cap-et-protocole-aeronautique-adhesion-de-la-republique-douganda\/","title":{"rendered":"Convention du Cap et Protocole a\u00e9ronautique \u2013 Adh\u00e9sion de la R\u00e9publique d\u2019Ouganda"},"content":{"rendered":"<p style=\"text-align: justify;\">Le 11 octobre 2024, Son Excellence Mme Elizabeth Paula Napeyok, Ambassadrice et Repr\u00e9sentante permanente de la R\u00e9publique d\u2019Ouganda en Italie, accompagn\u00e9e de M. Daniel Ssekabembe, Premier Secr\u00e9taire de l\u2019Ambassade de la R\u00e9publique d\u2019Ouganda en Italie, a d\u00e9pos\u00e9 aupr\u00e8s d\u2019UNIDROIT les instruments d\u2019adh\u00e9sion de la R\u00e9publique d\u2019Ouganda \u00e0 la Convention relative aux garanties internationales portant sur des mat\u00e9riels d\u2019\u00e9quipement mobiles et au Protocole y relatif portant sur les questions sp\u00e9cifiques aux mat\u00e9riels d\u2019\u00e9quipement a\u00e9ronautiques. S.E. Mme Napeyok et M. Ssekabembe ont \u00e9t\u00e9 re\u00e7u par Mme Marina Schneider, Juriste Principale et D\u00e9positaire des Trait\u00e9s.<\/p>\n<p style=\"text-align: justify;\">La R\u00e9publique d\u2019Ouganda a fait des d\u00e9clarations en vertu des articles 39(1)(a), 39(1)(b), 40, 53, et 54(2) de la Convention et en vertu de l\u2019article XXX(1) et (3) du Protocole a\u00e9ronautique. La Convention et le Protocole a\u00e9ronautique entreront en vigueur pour la R\u00e9publique d\u2019Ouganda le 1<sup>er<\/sup> f\u00e9vrier 2025. Pour plus de d\u00e9tails concernant la Convention du Cap et le Protocole a\u00e9ronautique, voir les pages \u201c<a href=\"http:\/\/www.unidroit.org\/fr\/depositaire-2001capetown\">Fonctions de D\u00e9positaire d\u2019Unidroit (Convention du Cap)\u201d et <\/a>\u201c<a href=\"http:\/\/www.unidroit.org\/fr\/depositaire-2001capetown-aircraft\">Fonctions de D\u00e9positaire d\u2019Unidroit<\/a> (Protocole a\u00e9ronautique)\u201d.<\/p>\n<p style=\"text-align: justify;\">La visite \u00e0 UNIDROIT a \u00e9galement \u00e9t\u00e9 l\u2019occasion de discuter des b\u00e9n\u00e9fices d\u2019autres instruments d\u2019UNIDROIT pour l\u2019Ouganda ainsi que la possibilit\u00e9 d\u2019une adh\u00e9sion du pays \u00e0 l\u2019Organisation.<\/p>\n<p>&nbsp;<\/p>\n<p><img loading=\"lazy\" decoding=\"async\" class=\"alignnone size-medium wp-image-28640\" src=\"https:\/\/www.unidroit.org\/wp-content\/uploads\/2024\/10\/20241011_Uganda-scaled-300x225.jpg\" alt=\"\" width=\"300\" height=\"225\" srcset=\"https:\/\/www.unidroit.org\/wp-content\/uploads\/2024\/10\/20241011_Uganda-scaled-300x225.jpg 300w, https:\/\/www.unidroit.org\/wp-content\/uploads\/2024\/10\/20241011_Uganda-scaled-1024x768.jpg 1024w\" sizes=\"auto, (max-width: 300px) 100vw, 300px\" \/>\u00a0 \u00a0 <img loading=\"lazy\" decoding=\"async\" class=\"alignnone size-medium wp-image-28666\" src=\"https:\/\/www.unidroit.org\/wp-content\/uploads\/2024\/10\/Uganda-4-scaled-300x200.jpg\" alt=\"\" width=\"300\" height=\"200\" srcset=\"https:\/\/www.unidroit.org\/wp-content\/uploads\/2024\/10\/Uganda-4-scaled-300x200.jpg 300w, https:\/\/www.unidroit.org\/wp-content\/uploads\/2024\/10\/Uganda-4-scaled-1024x683.jpg 1024w\" sizes=\"auto, (max-width: 300px) 100vw, 300px\" \/>\u00a0 \u00a0 <img loading=\"lazy\" decoding=\"async\" class=\"alignnone size-medium wp-image-28638\" src=\"https:\/\/www.unidroit.org\/wp-content\/uploads\/2024\/10\/Uganda-1-scaled-225x300.jpg\" alt=\"\" width=\"225\" height=\"300\" srcset=\"https:\/\/www.unidroit.org\/wp-content\/uploads\/2024\/10\/Uganda-1-scaled-225x300.jpg 225w, https:\/\/www.unidroit.org\/wp-content\/uploads\/2024\/10\/Uganda-1-scaled-768x1024.jpg 768w, https:\/\/www.unidroit.org\/wp-content\/uploads\/2024\/10\/Uganda-1-scaled.jpg 1920w\" sizes=\"auto, (max-width: 225px) 100vw, 225px\" \/><\/p>\n<p>&nbsp;<\/p>\n","protected":false},"excerpt":{"rendered":"<p>Le 11 octobre 2024, Son Excellence Mme Elizabeth Paula Napeyok, Ambassadrice et Repr\u00e9sentante permanente de la R\u00e9publique d\u2019Ouganda en Italie, accompagn\u00e9e de M. Daniel Ssekabembe, Premier Secr\u00e9taire de l\u2019Ambassade de la R\u00e9publique d\u2019Ouganda en Italie, a d\u00e9pos\u00e9 aupr\u00e8s d\u2019UNIDROIT les instruments d\u2019adh\u00e9sion de la R\u00e9publique&nbsp;<a href=\"https:\/\/www.unidroit.org\/fr\/convention-du-cap-et-protocole-aeronautique-adhesion-de-la-republique-douganda\/\">&hellip;<\/a><\/p>\n","protected":false},"author":19,"featured_media":28664,"comment_status":"closed","ping_status":"open","sticky":false,"template":"","format":"standard","meta":{"ep_exclude_from_search":false,"footnotes":""},"categories":[79,279,201],"tags":[],"class_list":["post-28659","post","type-post","status-publish","format-standard","has-post-thumbnail","hentry","category-actualites","category-aicraft-protocol-fr","category-cape-town-convention-fr","odd"],"_links":{"self":[{"href":"https:\/\/www.unidroit.org\/fr\/wp-json\/wp\/v2\/posts\/28659","targetHints":{"allow":["GET"]}}],"collection":[{"href":"https:\/\/www.unidroit.org\/fr\/wp-json\/wp\/v2\/posts"}],"about":[{"href":"https:\/\/www.unidroit.org\/fr\/wp-json\/wp\/v2\/types\/post"}],"author":[{"embeddable":true,"href":"https:\/\/www.unidroit.org\/fr\/wp-json\/wp\/v2\/users\/19"}],"replies":[{"embeddable":true,"href":"https:\/\/www.unidroit.org\/fr\/wp-json\/wp\/v2\/comments?post=28659"}],"version-history":[{"count":2,"href":"https:\/\/www.unidroit.org\/fr\/wp-json\/wp\/v2\/posts\/28659\/revisions"}],"predecessor-version":[{"id":28669,"href":"https:\/\/www.unidroit.org\/fr\/wp-json\/wp\/v2\/posts\/28659\/revisions\/28669"}],"wp:featuredmedia":[{"embeddable":true,"href":"https:\/\/www.unidroit.org\/fr\/wp-json\/wp\/v2\/media\/28664"}],"wp:attachment":[{"href":"https:\/\/www.unidroit.org\/fr\/wp-json\/wp\/v2\/media?parent=28659"}],"wp:term":[{"taxonomy":"category","embeddable":true,"href":"https:\/\/www.unidroit.org\/fr\/wp-json\/wp\/v2\/categories?post=28659"},{"taxonomy":"post_tag","embeddable":true,"href":"https:\/\/www.unidroit.org\/fr\/wp-json\/wp\/v2\/tags?post=28659"}],"curies":[{"name":"wp","href":"https:\/\/api.w.org\/{rel}","templated":true}]}}