{"id":28836,"date":"2024-10-16T13:33:37","date_gmt":"2024-10-16T11:33:37","guid":{"rendered":"https:\/\/www.unidroit.org\/yemen-accedes-to-the-1995-unidroit-convention-on-stolen-or-illegally-exported-cultural-objects\/"},"modified":"2024-10-16T14:35:24","modified_gmt":"2024-10-16T12:35:24","slug":"le-yemen-adhere-a-la-convention-dunidroit-de-1995-sur-les-biens-culturels-voles-ou-illicitement-exportes","status":"publish","type":"post","link":"https:\/\/www.unidroit.org\/fr\/le-yemen-adhere-a-la-convention-dunidroit-de-1995-sur-les-biens-culturels-voles-ou-illicitement-exportes\/","title":{"rendered":"Le Y\u00e9men adh\u00e8re \u00e0 la Convention d\u2019UNIDROIT de 1995 sur les biens culturels vol\u00e9s ou illicitement export\u00e9s"},"content":{"rendered":"<p style=\"text-align: justify;\">L\u2019instrument d\u2019adh\u00e9sion \u00e0 la Convention d\u2019UNIDROIT de 1995 a \u00e9t\u00e9 d\u00e9pos\u00e9 par la R\u00e9publique du Y\u00e9men aupr\u00e8s du Gouvernement italien, D\u00e9positaire de la Convention, avec les d\u00e9clarations obligatoires, le 7 octobre 2024. La Convention entrera ainsi en vigueur pour le Y\u00e9men le 1er avril 2025. Cette adh\u00e9sion vient renforcer l\u2019arsenal juridique de protection du patrimoine du Y\u00e9men et de lutte contre le trafic illicite de biens culturels.<\/p>\n<p style=\"text-align: justify;\">S.E. Mohammed Jumeh, Ambassadeur du Y\u00e9men aupr\u00e8s de l\u2019UNESCO, a sign\u00e9 l\u2019instrument d\u2019adh\u00e9sion \u00e0 la Convention d\u2019UNIDROIT de 1995 au nom du Minist\u00e8re des Affaires \u00e9trang\u00e8res du Y\u00e9men. Avec la mise en \u0153uvre de cette Convention, le Dr. Jumeh a not\u00e9 que le Y\u00e9men obtiendra le soutien juridique n\u00e9cessaire pour r\u00e9cup\u00e9rer les objets culturels en cas de sortie ill\u00e9gale du pays.<\/p>\n<p style=\"text-align: justify;\">En adh\u00e9rant \u00e0 la Convention, le Y\u00e9men adopte, pour l\u2019avenir, des m\u00e9canismes sp\u00e9cifiques qui faciliteront la restitution de biens culturels vol\u00e9s et le retour de biens culturels illicitement export\u00e9s.<\/p>\n<p style=\"text-align: justify;\">Le Y\u00e9men devient le 55\u00e8me \u00c9tat contractant \u00e0 la Convention d\u2019UNIDROIT de 1995.<\/p>\n<p>-&gt; Pour plus de d\u00e9tails concernant la Convention, voir la\u00a0<a href=\"http:\/\/www.unidroit.org\/french\/conventions\/1995culturalproperty\/main.htm\">page<\/a><\/p>\n<p>-&gt; Pour l\u2019\u00e9tat de mise en \u0153uvre complet, voir la\u00a0<a href=\"http:\/\/www.unidroit.org\/fr\/etat-signatures-ratifications-cp\">page<\/a><\/p>\n<p><a href=\"http:\/\/www.unidroit.org\/instruments\/cultural-property\/1995-convention\"><img loading=\"lazy\" decoding=\"async\" class=\"size-medium wp-image-28832 aligncenter\" src=\"https:\/\/www.unidroit.org\/wp-content\/uploads\/2024\/10\/Yemen.H.E.jpg\" alt=\"\" width=\"201\" height=\"158\" \/><\/a><\/p>\n<p style=\"text-align: center;\"><em><span style=\"font-size: 10pt;\">S.E. Dr. Mohammed Jumeh, Ambassadeur du Y\u00e9men aupr\u00e8s de l\u2019UNESCO, a sign\u00e9 l\u2019instrument d\u2019adh\u00e9sion au nom du Minist\u00e8re des affaires \u00e9trang\u00e8res<\/span><\/em><\/p>\n<p>&nbsp;<\/p>\n","protected":false},"excerpt":{"rendered":"<p>L\u2019instrument d\u2019adh\u00e9sion \u00e0 la Convention d\u2019UNIDROIT de 1995 a \u00e9t\u00e9 d\u00e9pos\u00e9 par la R\u00e9publique du Y\u00e9men aupr\u00e8s du Gouvernement italien, D\u00e9positaire de la Convention, avec les d\u00e9clarations obligatoires, le 7 octobre 2024. La Convention entrera ainsi en vigueur pour le Y\u00e9men le 1er avril 2025.&nbsp;<a href=\"https:\/\/www.unidroit.org\/fr\/le-yemen-adhere-a-la-convention-dunidroit-de-1995-sur-les-biens-culturels-voles-ou-illicitement-exportes\/\">&hellip;<\/a><\/p>\n","protected":false},"author":19,"featured_media":28833,"comment_status":"closed","ping_status":"open","sticky":false,"template":"","format":"standard","meta":{"ep_exclude_from_search":false,"footnotes":""},"categories":[217,79,218],"tags":[],"class_list":["post-28836","post","type-post","status-publish","format-standard","has-post-thumbnail","hentry","category-1995-convention-fr","category-actualites","category-cultural-property-fr","odd"],"_links":{"self":[{"href":"https:\/\/www.unidroit.org\/fr\/wp-json\/wp\/v2\/posts\/28836","targetHints":{"allow":["GET"]}}],"collection":[{"href":"https:\/\/www.unidroit.org\/fr\/wp-json\/wp\/v2\/posts"}],"about":[{"href":"https:\/\/www.unidroit.org\/fr\/wp-json\/wp\/v2\/types\/post"}],"author":[{"embeddable":true,"href":"https:\/\/www.unidroit.org\/fr\/wp-json\/wp\/v2\/users\/19"}],"replies":[{"embeddable":true,"href":"https:\/\/www.unidroit.org\/fr\/wp-json\/wp\/v2\/comments?post=28836"}],"version-history":[{"count":4,"href":"https:\/\/www.unidroit.org\/fr\/wp-json\/wp\/v2\/posts\/28836\/revisions"}],"predecessor-version":[{"id":28843,"href":"https:\/\/www.unidroit.org\/fr\/wp-json\/wp\/v2\/posts\/28836\/revisions\/28843"}],"wp:featuredmedia":[{"embeddable":true,"href":"https:\/\/www.unidroit.org\/fr\/wp-json\/wp\/v2\/media\/28833"}],"wp:attachment":[{"href":"https:\/\/www.unidroit.org\/fr\/wp-json\/wp\/v2\/media?parent=28836"}],"wp:term":[{"taxonomy":"category","embeddable":true,"href":"https:\/\/www.unidroit.org\/fr\/wp-json\/wp\/v2\/categories?post=28836"},{"taxonomy":"post_tag","embeddable":true,"href":"https:\/\/www.unidroit.org\/fr\/wp-json\/wp\/v2\/tags?post=28836"}],"curies":[{"name":"wp","href":"https:\/\/api.w.org\/{rel}","templated":true}]}}