{"id":29026,"date":"2024-09-26T14:00:10","date_gmt":"2024-09-26T12:00:10","guid":{"rendered":"https:\/\/www.unidroit.org\/unidroit-invited-to-the-xvii-jornadas-de-la-asadip\/"},"modified":"2024-10-24T13:34:39","modified_gmt":"2024-10-24T11:34:39","slug":"unidroit-invite-a-la-xviieme-conference-de-lasadip","status":"publish","type":"post","link":"https:\/\/www.unidroit.org\/fr\/unidroit-invite-a-la-xviieme-conference-de-lasadip\/","title":{"rendered":"UNIDROIT INVIT\u00c9 \u00c0 LA XVII\u00e8me CONF\u00c9RENCE DE L\u2019ASADIP"},"content":{"rendered":"<p style=\"text-align: justify;\">Le 25 septembre 2024, Anna Veneziano, Secr\u00e9taire G\u00e9n\u00e9rale adjointe a repr\u00e9sent\u00e9 UNIDROIT en participant \u00e0 distance \u00e0 la <a href=\"https:\/\/www.asadip.org\/v2\/?p=6960\" target=\"_blank\" rel=\"noopener\">XVII<sup>\u00e8me<\/sup> Conf\u00e9rence de l\u2019ASADIP<\/a> \u201cUn droit international priv\u00e9 plus intelligent et moins artificiel\u201d qui s\u2019est tenue \u00e0 l\u2019Universidad Austral \u00e0 Buenos Aires. Elle est intervenue sur les <a href=\"https:\/\/www.unidroit.org\/instruments\/digital-assets-and-private-law\/\">Principes d\u2019UNIDROIT relatifs aux actifs num\u00e9riques et droit priv\u00e9<\/a> dans le cadre d\u2019une session sur les contrats et les activit\u00e9s num\u00e9riques, mod\u00e9r\u00e9e par Ver\u00f3nica Ruiz Abou-Nigm, qui a b\u00e9n\u00e9fici\u00e9 des contributions de Jorge Oviedo Alb\u00e0n, G\u00e9rardine Goh Escolar, Ana Mercedes L\u00f3pez Rodr\u00edguez et Luca Castellani sur des sujets li\u00e9s aux contrats et \u00e0 la technologie. Elle a \u00e9galement particip\u00e9 \u00e0 une session sur les <em>Foros de producci\u00f3n jur\u00eddica internacional<\/em> organis\u00e9 par le MIFPIL et mod\u00e9r\u00e9e par Paula Mar\u00eda All, avec G\u00e9rardine Goh Escolar, Florencia Castro, Anna Joubin-Bret, Cecilia Fresnedo de Aguirre, Dante Negro, et Jaime Moreno Valle.<\/p>\n<p>&nbsp;<\/p>\n","protected":false},"excerpt":{"rendered":"<p>Le 25 septembre 2024, Anna Veneziano, Secr\u00e9taire G\u00e9n\u00e9rale adjointe a repr\u00e9sent\u00e9 UNIDROIT en participant \u00e0 distance \u00e0 la XVII\u00e8me Conf\u00e9rence de l\u2019ASADIP \u201cUn droit international priv\u00e9 plus intelligent et moins artificiel\u201d qui s\u2019est tenue \u00e0 l\u2019Universidad Austral \u00e0 Buenos Aires. Elle est intervenue sur les&nbsp;<a href=\"https:\/\/www.unidroit.org\/fr\/unidroit-invite-a-la-xviieme-conference-de-lasadip\/\">&hellip;<\/a><\/p>\n","protected":false},"author":8,"featured_media":28445,"comment_status":"closed","ping_status":"closed","sticky":false,"template":"","format":"standard","meta":{"ep_exclude_from_search":false,"footnotes":""},"categories":[79,259,213,214,72],"tags":[],"class_list":["post-29026","post","type-post","status-publish","format-standard","has-post-thumbnail","hentry","category-actualites","category-capital-markets-fr","category-digital-assets-private-law-fr","category-law-technology-fr","category-non-classifiee","odd"],"_links":{"self":[{"href":"https:\/\/www.unidroit.org\/fr\/wp-json\/wp\/v2\/posts\/29026","targetHints":{"allow":["GET"]}}],"collection":[{"href":"https:\/\/www.unidroit.org\/fr\/wp-json\/wp\/v2\/posts"}],"about":[{"href":"https:\/\/www.unidroit.org\/fr\/wp-json\/wp\/v2\/types\/post"}],"author":[{"embeddable":true,"href":"https:\/\/www.unidroit.org\/fr\/wp-json\/wp\/v2\/users\/8"}],"replies":[{"embeddable":true,"href":"https:\/\/www.unidroit.org\/fr\/wp-json\/wp\/v2\/comments?post=29026"}],"version-history":[{"count":2,"href":"https:\/\/www.unidroit.org\/fr\/wp-json\/wp\/v2\/posts\/29026\/revisions"}],"predecessor-version":[{"id":29028,"href":"https:\/\/www.unidroit.org\/fr\/wp-json\/wp\/v2\/posts\/29026\/revisions\/29028"}],"wp:featuredmedia":[{"embeddable":true,"href":"https:\/\/www.unidroit.org\/fr\/wp-json\/wp\/v2\/media\/28445"}],"wp:attachment":[{"href":"https:\/\/www.unidroit.org\/fr\/wp-json\/wp\/v2\/media?parent=29026"}],"wp:term":[{"taxonomy":"category","embeddable":true,"href":"https:\/\/www.unidroit.org\/fr\/wp-json\/wp\/v2\/categories?post=29026"},{"taxonomy":"post_tag","embeddable":true,"href":"https:\/\/www.unidroit.org\/fr\/wp-json\/wp\/v2\/tags?post=29026"}],"curies":[{"name":"wp","href":"https:\/\/api.w.org\/{rel}","templated":true}]}}