{"id":29107,"date":"2024-10-15T09:19:33","date_gmt":"2024-10-15T07:19:33","guid":{"rendered":"https:\/\/www.unidroit.org\/unidroit-at-the-75th-international-astronautical-congress-in-milan-cliodn-meeting\/"},"modified":"2024-10-28T12:18:06","modified_gmt":"2024-10-28T11:18:06","slug":"unidroit-at-the-75th-international-astronautical-congress-in-milan-cliodn-meeting","status":"publish","type":"post","link":"https:\/\/www.unidroit.org\/fr\/unidroit-at-the-75th-international-astronautical-congress-in-milan-cliodn-meeting\/","title":{"rendered":"UNIDROIT at the 75th International Astronautical Congress in Milan (CLIODN meeting)\u00a0"},"content":{"rendered":"<p style=\"text-align: justify;\">Le 15 octobre 2024, la Professeure Anna Veneziano, Secr\u00e9taire G\u00e9n\u00e9rale adjointe, a particip\u00e9 \u00e0 la r\u00e9union du Comit\u00e9 de liaison avec les organisations internationales et les pays en d\u00e9veloppement (CLIODN) de la F\u00e9d\u00e9ration internationale d\u2019astronautique (IAF), qui s\u2019est tenue dans le cadre du 75<sup>\u00e8me<\/sup> Congr\u00e8s international d\u2019astronautique \u00e0 Milan du 14 au 18 octobre. UNIDROIT est une organisation observatrice aupr\u00e8s du Comit\u00e9. La r\u00e9union, pr\u00e9sid\u00e9e par <a href=\"https:\/\/www.iafastro.org\/biographie\/masami-onoda.html\" target=\"_blank\" rel=\"noopener\">Mme Masami Onoda<\/a>, a discut\u00e9 des questions actuelles de l\u2019\u00e9conomie spatiale. La Professeure Veneziano a mis l\u2019accent sur la n\u00e9cessit\u00e9 d\u2019assurer et de diversifier les sources d\u2019acc\u00e8s au cr\u00e9dit, en particulier pour les petites et moyennes entreprises actives dans ce domaine, et elle a fait r\u00e9f\u00e9rence aux travaux d\u2019UNIDROIT dans ce domaine \u00e0 travers le Protocole spatial \u00e0 la Convention du Cap. Elle a \u00e9galement soulign\u00e9 l\u2019importance de la coop\u00e9ration entre les organisations intergouvernementales actives dans le domaine de l\u2019orientation juridique globale pour le secteur priv\u00e9.<\/p>\n<p style=\"text-align: justify;\">Le comit\u00e9 a \u00e9lu <a href=\"https:\/\/www.iafastro.org\/biographie\/pieter-van-beekhuizen.html\" target=\"_blank\" rel=\"noopener\">M. Pieter Van Beekhuizen<\/a> comme nouveau Pr\u00e9sident pour la p\u00e9riode 2025-2027.<\/p>\n<p style=\"text-align: justify;\">Pour de plus amples informations sur le CLIODN, voir <a href=\"https:\/\/www.iafastro.org\/about\/iaf-committees\/administrative-committees\/committee-for-liaison-with-international-organisations-and-developing-nations-cliodn.html\" target=\"_blank\" rel=\"noopener\">cette page<\/a> (en anglais).<\/p>\n<p style=\"text-align: justify;\">Pour de plus amples informations sur le Congr\u00e8s international d\u2019astronautique, voir <a href=\"https:\/\/www.iafastro.org\/events\/iac\/international-astronautical-congress-2024\/\" target=\"_blank\" rel=\"noopener\">cette page<\/a>.<\/p>\n","protected":false},"excerpt":{"rendered":"<p>Le 15 octobre 2024, la Professeure Anna Veneziano, Secr\u00e9taire G\u00e9n\u00e9rale adjointe, a particip\u00e9 \u00e0 la r\u00e9union du Comit\u00e9 de liaison avec les organisations internationales et les pays en d\u00e9veloppement (CLIODN) de la F\u00e9d\u00e9ration internationale d\u2019astronautique (IAF), qui s\u2019est tenue dans le cadre du 75\u00e8me Congr\u00e8s&nbsp;<a href=\"https:\/\/www.unidroit.org\/fr\/unidroit-at-the-75th-international-astronautical-congress-in-milan-cliodn-meeting\/\">&hellip;<\/a><\/p>\n","protected":false},"author":25,"featured_media":29072,"comment_status":"closed","ping_status":"closed","sticky":false,"template":"","format":"standard","meta":{"ep_exclude_from_search":false,"footnotes":""},"categories":[79,201,206,207],"tags":[],"class_list":["post-29107","post","type-post","status-publish","format-standard","has-post-thumbnail","hentry","category-actualites","category-cape-town-convention-fr","category-secured-transactions-fr","category-space-protocol-fr","odd"],"_links":{"self":[{"href":"https:\/\/www.unidroit.org\/fr\/wp-json\/wp\/v2\/posts\/29107","targetHints":{"allow":["GET"]}}],"collection":[{"href":"https:\/\/www.unidroit.org\/fr\/wp-json\/wp\/v2\/posts"}],"about":[{"href":"https:\/\/www.unidroit.org\/fr\/wp-json\/wp\/v2\/types\/post"}],"author":[{"embeddable":true,"href":"https:\/\/www.unidroit.org\/fr\/wp-json\/wp\/v2\/users\/25"}],"replies":[{"embeddable":true,"href":"https:\/\/www.unidroit.org\/fr\/wp-json\/wp\/v2\/comments?post=29107"}],"version-history":[{"count":1,"href":"https:\/\/www.unidroit.org\/fr\/wp-json\/wp\/v2\/posts\/29107\/revisions"}],"predecessor-version":[{"id":29108,"href":"https:\/\/www.unidroit.org\/fr\/wp-json\/wp\/v2\/posts\/29107\/revisions\/29108"}],"wp:featuredmedia":[{"embeddable":true,"href":"https:\/\/www.unidroit.org\/fr\/wp-json\/wp\/v2\/media\/29072"}],"wp:attachment":[{"href":"https:\/\/www.unidroit.org\/fr\/wp-json\/wp\/v2\/media?parent=29107"}],"wp:term":[{"taxonomy":"category","embeddable":true,"href":"https:\/\/www.unidroit.org\/fr\/wp-json\/wp\/v2\/categories?post=29107"},{"taxonomy":"post_tag","embeddable":true,"href":"https:\/\/www.unidroit.org\/fr\/wp-json\/wp\/v2\/tags?post=29107"}],"curies":[{"name":"wp","href":"https:\/\/api.w.org\/{rel}","templated":true}]}}