{"id":29247,"date":"2024-11-05T13:28:00","date_gmt":"2024-11-05T12:28:00","guid":{"rendered":"https:\/\/www.unidroit.org\/unidroit-participates-in-the-implementation-of-the-eu-unesco-project-fighting-against-the-illicit-trafficking-of-cultural-property-in-the-western-balkans\/"},"modified":"2024-11-05T14:26:51","modified_gmt":"2024-11-05T13:26:51","slug":"unidroit-participe-a-la-mise-en-oeuvre-du-projet-ue-unesco-lutte-contre-le-trafic-illicite-de-biens-culturels-dans-les-balkans-occidentaux","status":"publish","type":"post","link":"https:\/\/www.unidroit.org\/fr\/unidroit-participe-a-la-mise-en-oeuvre-du-projet-ue-unesco-lutte-contre-le-trafic-illicite-de-biens-culturels-dans-les-balkans-occidentaux\/","title":{"rendered":"UNIDROIT participe \u00e0 la mise en \u0153uvre du projet UE-UNESCO \u00ab Lutte contre le trafic illicite de biens culturels dans les Balkans occidentaux \u00bb"},"content":{"rendered":"<p style=\"text-align: justify;\">UNIDROIT a \u00e9t\u00e9 invit\u00e9 \u00e0 participer \u00e0 quatre ateliers de formation de 5 jours pour diff\u00e9rentes autorit\u00e9s et acteurs locaux dans le cadre de la mise en \u0153uvre du projet UE-UNESCO \u00ab Lutte contre le trafic illicite de biens culturels dans les Balkans occidentaux \u00bb afin de pr\u00e9senter et de discuter ses instruments dans ce domaine.<\/p>\n<p style=\"text-align: justify;\">L\u2019objectif g\u00e9n\u00e9ral de l\u2019action est de favoriser la coop\u00e9ration r\u00e9gionale et les relations de bon voisinage en renfor\u00e7ant la protection du patrimoine culturel dans les Balkans occidentaux. En particulier, le projet vise \u00e0 promouvoir le dialogue, le respect mutuel, l\u2019appr\u00e9ciation et la reconnaissance entre les communaut\u00e9s en renfor\u00e7ant la lutte contre le trafic illicite de biens culturels par le biais d\u2019activit\u00e9s de renforcement des capacit\u00e9s et de sensibilisation.<\/p>\n<p style=\"text-align: justify;\">UNIDROIT \u00e9tait repr\u00e9sent\u00e9 par Mme Marina Schneider, Juriste principale et D\u00e9positaire des trait\u00e9s, qui a pr\u00e9sent\u00e9 et discut\u00e9 avec les participants la <a href=\"https:\/\/www.unidroit.org\/fr\/instruments\/biens-culturels\/convention-de-1995\/\">Convention d\u2019UNIDROIT de 1995 sur les biens culturels vol\u00e9s ou illicitement export\u00e9s<\/a> et les <a href=\"https:\/\/www.unidroit.org\/fr\/instruments\/biens-culturels\/2012-dispositions-modeles\/\">Dispositions types UNESCO-UNIDROIT sur la propri\u00e9t\u00e9 de l\u2019\u00c9tat sur les biens culturels non d\u00e9couverts<\/a>.<\/p>\n<p style=\"text-align: justify;\">Les ateliers ont eu lieu \u00e0 Mostar (Bosnie-Herz\u00e9govine) du 10 au 14 juin 2024, \u00e0 \u017dabljak (Mont\u00e9n\u00e9gro) du 17 au 21 juin 2024, \u00e0 Skopje (Mac\u00e9doine du Nord) du 8 au 12 juillet 2024, tous les trois \u00c9tats parties \u00e0 la Convention de 1995 et \u00e0 Tirana (Albanie) du 21 au 25 octobre, qui aspire \u00e0 devenir partie. Un autre atelier sera organis\u00e9 d\u00e9but 2025 \u00e0 Belgrade (Serbie).<\/p>\n<p style=\"text-align: justify;\">Ce fut l\u2019occasion d\u2019\u00e9changer sur la mise en \u0153uvre de la Convention avec les diff\u00e9rentes parties prenantes, renforc\u00e9e par les outils d\u00e9velopp\u00e9s par les partenaires internationaux tels qu\u2019INTERPOL et l\u2019ICOM.<\/p>\n<p>&nbsp;<\/p>\n<p><img loading=\"lazy\" decoding=\"async\" class=\"size-medium wp-image-29239 aligncenter\" src=\"https:\/\/www.unidroit.org\/wp-content\/uploads\/2024\/11\/01-image-271x161.jpg\" alt=\"\" width=\"271\" height=\"161\" \/><\/p>\n","protected":false},"excerpt":{"rendered":"<p>UNIDROIT a \u00e9t\u00e9 invit\u00e9 \u00e0 participer \u00e0 quatre ateliers de formation de 5 jours pour diff\u00e9rentes autorit\u00e9s et acteurs locaux dans le cadre de la mise en \u0153uvre du projet UE-UNESCO \u00ab Lutte contre le trafic illicite de biens culturels dans les Balkans occidentaux \u00bb&nbsp;<a href=\"https:\/\/www.unidroit.org\/fr\/unidroit-participe-a-la-mise-en-oeuvre-du-projet-ue-unesco-lutte-contre-le-trafic-illicite-de-biens-culturels-dans-les-balkans-occidentaux\/\">&hellip;<\/a><\/p>\n","protected":false},"author":19,"featured_media":29243,"comment_status":"closed","ping_status":"open","sticky":false,"template":"","format":"standard","meta":{"ep_exclude_from_search":false,"footnotes":""},"categories":[217,79,218],"tags":[],"class_list":["post-29247","post","type-post","status-publish","format-standard","has-post-thumbnail","hentry","category-1995-convention-fr","category-actualites","category-cultural-property-fr","odd"],"_links":{"self":[{"href":"https:\/\/www.unidroit.org\/fr\/wp-json\/wp\/v2\/posts\/29247","targetHints":{"allow":["GET"]}}],"collection":[{"href":"https:\/\/www.unidroit.org\/fr\/wp-json\/wp\/v2\/posts"}],"about":[{"href":"https:\/\/www.unidroit.org\/fr\/wp-json\/wp\/v2\/types\/post"}],"author":[{"embeddable":true,"href":"https:\/\/www.unidroit.org\/fr\/wp-json\/wp\/v2\/users\/19"}],"replies":[{"embeddable":true,"href":"https:\/\/www.unidroit.org\/fr\/wp-json\/wp\/v2\/comments?post=29247"}],"version-history":[{"count":5,"href":"https:\/\/www.unidroit.org\/fr\/wp-json\/wp\/v2\/posts\/29247\/revisions"}],"predecessor-version":[{"id":29261,"href":"https:\/\/www.unidroit.org\/fr\/wp-json\/wp\/v2\/posts\/29247\/revisions\/29261"}],"wp:featuredmedia":[{"embeddable":true,"href":"https:\/\/www.unidroit.org\/fr\/wp-json\/wp\/v2\/media\/29243"}],"wp:attachment":[{"href":"https:\/\/www.unidroit.org\/fr\/wp-json\/wp\/v2\/media?parent=29247"}],"wp:term":[{"taxonomy":"category","embeddable":true,"href":"https:\/\/www.unidroit.org\/fr\/wp-json\/wp\/v2\/categories?post=29247"},{"taxonomy":"post_tag","embeddable":true,"href":"https:\/\/www.unidroit.org\/fr\/wp-json\/wp\/v2\/tags?post=29247"}],"curies":[{"name":"wp","href":"https:\/\/api.w.org\/{rel}","templated":true}]}}