{"id":29280,"date":"2024-11-05T13:49:21","date_gmt":"2024-11-05T12:49:21","guid":{"rendered":"https:\/\/www.unidroit.org\/unidroit-visits-korean-supreme-court\/"},"modified":"2024-11-06T09:53:40","modified_gmt":"2024-11-06T08:53:40","slug":"unidroit-visite-la-cour-supreme-de-coree","status":"publish","type":"post","link":"https:\/\/www.unidroit.org\/fr\/unidroit-visite-la-cour-supreme-de-coree\/","title":{"rendered":"UNIDROIT visite la Cour supr\u00eame de Cor\u00e9e"},"content":{"rendered":"<p style=\"text-align: justify;\">Le 31 octobre 2024, M. Ignacio Tirado, Secr\u00e9taire G\u00e9n\u00e9ral d\u2019UNIDROIT, et Mme Anna Veneziano, Secr\u00e9taire G\u00e9n\u00e9rale adjointe, ont visit\u00e9 la Cour supr\u00eame de Cor\u00e9e \u00e0 S\u00e9oul. La d\u00e9l\u00e9gation a \u00e9t\u00e9 accueillie par M. Hyong Won Bae, Vice-Ministre de l\u2019Administration nationale des tribunaux, et a ensuite rencontr\u00e9 le juge Tae-ak Rho pour discuter de questions d\u2019int\u00e9r\u00eat commun. La visite a \u00e9t\u00e9 organis\u00e9e par le Professeur Inho Kim, membre du Conseil de Direction d\u2019UNIDROIT, qui a accompagn\u00e9 la d\u00e9l\u00e9gation avec le Professeur Jong Hyeok LEE, Correspondant d\u2019UNIDROIT et Secr\u00e9taire G\u00e9n\u00e9ral de l\u2019Association cor\u00e9enne de droit international priv\u00e9 (KOPILA).<\/p>\n","protected":false},"excerpt":{"rendered":"<p>Le 31 octobre 2024, M. Ignacio Tirado, Secr\u00e9taire G\u00e9n\u00e9ral d\u2019UNIDROIT, et Mme Anna Veneziano, Secr\u00e9taire G\u00e9n\u00e9rale adjointe, ont visit\u00e9 la Cour supr\u00eame de Cor\u00e9e \u00e0 S\u00e9oul. La d\u00e9l\u00e9gation a \u00e9t\u00e9 accueillie par M. Hyong Won Bae, Vice-Ministre de l\u2019Administration nationale des tribunaux, et a ensuite&nbsp;<a href=\"https:\/\/www.unidroit.org\/fr\/unidroit-visite-la-cour-supreme-de-coree\/\">&hellip;<\/a><\/p>\n","protected":false},"author":8,"featured_media":29253,"comment_status":"closed","ping_status":"open","sticky":false,"template":"","format":"standard","meta":{"ep_exclude_from_search":false,"footnotes":""},"categories":[79],"tags":[],"class_list":["post-29280","post","type-post","status-publish","format-standard","has-post-thumbnail","hentry","category-actualites","odd"],"_links":{"self":[{"href":"https:\/\/www.unidroit.org\/fr\/wp-json\/wp\/v2\/posts\/29280","targetHints":{"allow":["GET"]}}],"collection":[{"href":"https:\/\/www.unidroit.org\/fr\/wp-json\/wp\/v2\/posts"}],"about":[{"href":"https:\/\/www.unidroit.org\/fr\/wp-json\/wp\/v2\/types\/post"}],"author":[{"embeddable":true,"href":"https:\/\/www.unidroit.org\/fr\/wp-json\/wp\/v2\/users\/8"}],"replies":[{"embeddable":true,"href":"https:\/\/www.unidroit.org\/fr\/wp-json\/wp\/v2\/comments?post=29280"}],"version-history":[{"count":2,"href":"https:\/\/www.unidroit.org\/fr\/wp-json\/wp\/v2\/posts\/29280\/revisions"}],"predecessor-version":[{"id":29282,"href":"https:\/\/www.unidroit.org\/fr\/wp-json\/wp\/v2\/posts\/29280\/revisions\/29282"}],"wp:featuredmedia":[{"embeddable":true,"href":"https:\/\/www.unidroit.org\/fr\/wp-json\/wp\/v2\/media\/29253"}],"wp:attachment":[{"href":"https:\/\/www.unidroit.org\/fr\/wp-json\/wp\/v2\/media?parent=29280"}],"wp:term":[{"taxonomy":"category","embeddable":true,"href":"https:\/\/www.unidroit.org\/fr\/wp-json\/wp\/v2\/categories?post=29280"},{"taxonomy":"post_tag","embeddable":true,"href":"https:\/\/www.unidroit.org\/fr\/wp-json\/wp\/v2\/tags?post=29280"}],"curies":[{"name":"wp","href":"https:\/\/api.w.org\/{rel}","templated":true}]}}