{"id":29283,"date":"2024-11-05T13:54:03","date_gmt":"2024-11-05T12:54:03","guid":{"rendered":"https:\/\/www.unidroit.org\/unidroit-secretary-general-and-deputy-secretary-general-received-by-dean-of-seoul-national-university\/"},"modified":"2024-11-06T10:08:07","modified_gmt":"2024-11-06T09:08:07","slug":"le-secretaire-general-et-la-secretaire-generale-adjointe-dunidroit-recus-par-le-doyen-de-luniversite-nationale-de-seoul","status":"publish","type":"post","link":"https:\/\/www.unidroit.org\/fr\/le-secretaire-general-et-la-secretaire-generale-adjointe-dunidroit-recus-par-le-doyen-de-luniversite-nationale-de-seoul\/","title":{"rendered":"Le Secr\u00e9taire G\u00e9n\u00e9ral et la Secr\u00e9taire G\u00e9n\u00e9rale adjointe d&#8217;UNIDROIT re\u00e7us par le Doyen de l\u2019Universit\u00e9 nationale de S\u00e9oul"},"content":{"rendered":"<p style=\"text-align: justify;\">Le 31 octobre 2024, M. Ignacio Tirado, Secr\u00e9taire G\u00e9n\u00e9ral d\u2019UNIDROIT, et Mme Anna Veneziano, Secr\u00e9taire G\u00e9n\u00e9rale adjointe, ont \u00e9t\u00e9 accueillis \u00e0 l\u2019Universit\u00e9 nationale de S\u00e9oul par le Professeur Jaemin Lee, Doyen de la Facult\u00e9 de droit. La d\u00e9l\u00e9gation \u00e9tait accompagn\u00e9e du Professeur Jong Hyeok Lee, Correspondant d\u2019UNIDROIT, et a eu l\u2019occasion d\u2019\u00e9changer avec divers membres de la facult\u00e9 sur la coop\u00e9ration future et les questions d\u2019int\u00e9r\u00eat commun.<\/p>\n","protected":false},"excerpt":{"rendered":"<p>Le 31 octobre 2024, M. Ignacio Tirado, Secr\u00e9taire G\u00e9n\u00e9ral d\u2019UNIDROIT, et Mme Anna Veneziano, Secr\u00e9taire G\u00e9n\u00e9rale adjointe, ont \u00e9t\u00e9 accueillis \u00e0 l\u2019Universit\u00e9 nationale de S\u00e9oul par le Professeur Jaemin Lee, Doyen de la Facult\u00e9 de droit. La d\u00e9l\u00e9gation \u00e9tait accompagn\u00e9e du Professeur Jong Hyeok Lee,&nbsp;<a href=\"https:\/\/www.unidroit.org\/fr\/le-secretaire-general-et-la-secretaire-generale-adjointe-dunidroit-recus-par-le-doyen-de-luniversite-nationale-de-seoul\/\">&hellip;<\/a><\/p>\n","protected":false},"author":8,"featured_media":29258,"comment_status":"closed","ping_status":"open","sticky":false,"template":"","format":"standard","meta":{"ep_exclude_from_search":false,"footnotes":""},"categories":[79],"tags":[],"class_list":["post-29283","post","type-post","status-publish","format-standard","has-post-thumbnail","hentry","category-actualites","odd"],"_links":{"self":[{"href":"https:\/\/www.unidroit.org\/fr\/wp-json\/wp\/v2\/posts\/29283","targetHints":{"allow":["GET"]}}],"collection":[{"href":"https:\/\/www.unidroit.org\/fr\/wp-json\/wp\/v2\/posts"}],"about":[{"href":"https:\/\/www.unidroit.org\/fr\/wp-json\/wp\/v2\/types\/post"}],"author":[{"embeddable":true,"href":"https:\/\/www.unidroit.org\/fr\/wp-json\/wp\/v2\/users\/8"}],"replies":[{"embeddable":true,"href":"https:\/\/www.unidroit.org\/fr\/wp-json\/wp\/v2\/comments?post=29283"}],"version-history":[{"count":3,"href":"https:\/\/www.unidroit.org\/fr\/wp-json\/wp\/v2\/posts\/29283\/revisions"}],"predecessor-version":[{"id":29286,"href":"https:\/\/www.unidroit.org\/fr\/wp-json\/wp\/v2\/posts\/29283\/revisions\/29286"}],"wp:featuredmedia":[{"embeddable":true,"href":"https:\/\/www.unidroit.org\/fr\/wp-json\/wp\/v2\/media\/29258"}],"wp:attachment":[{"href":"https:\/\/www.unidroit.org\/fr\/wp-json\/wp\/v2\/media?parent=29283"}],"wp:term":[{"taxonomy":"category","embeddable":true,"href":"https:\/\/www.unidroit.org\/fr\/wp-json\/wp\/v2\/categories?post=29283"},{"taxonomy":"post_tag","embeddable":true,"href":"https:\/\/www.unidroit.org\/fr\/wp-json\/wp\/v2\/tags?post=29283"}],"curies":[{"name":"wp","href":"https:\/\/api.w.org\/{rel}","templated":true}]}}