{"id":29817,"date":"2024-11-28T12:51:03","date_gmt":"2024-11-28T11:51:03","guid":{"rendered":"https:\/\/www.unidroit.org\/?p=29817"},"modified":"2024-11-28T12:51:03","modified_gmt":"2024-11-28T11:51:03","slug":"unidroit-un-partenaire-solide-dans-la-mise-en-oeuvre-de-la-declaration-des-dirigeants-du-sommet-du-g20-et-de-la-declaration-des-ministres-de-la-culture-du-g20","status":"publish","type":"post","link":"https:\/\/www.unidroit.org\/fr\/unidroit-un-partenaire-solide-dans-la-mise-en-oeuvre-de-la-declaration-des-dirigeants-du-sommet-du-g20-et-de-la-declaration-des-ministres-de-la-culture-du-g20\/","title":{"rendered":"UNIDROIT &#8211; UN PARTENAIRE SOLIDE DANS LA MISE EN \u0152UVRE DE LA D\u00c9CLARATION DES DIRIGEANTS DU SOMMET DU G20 ET DE LA D\u00c9CLARATION DES MINISTRES DE LA CULTURE DU G20"},"content":{"rendered":"<p style=\"text-align: justify;\">Les 18 et 19 novembre 2024, les dirigeants mondiaux se sont r\u00e9unis \u00e0 Rio de Janeiro pour le Sommet du G20 de 2024 et ont soulign\u00e9 dans la <a href=\"https:\/\/www.g20.org\/en\/documents\/g20-rio-de-janeiro-leaders-declaration\" target=\"_blank\" rel=\"noopener\">D\u00e9claration de Rio de Janeiro<\/a> le r\u00f4le important jou\u00e9 par la culture. Ils ont demand\u00e9 aux \u00c9tats membres, entre autres, de soutenir les lois et les politiques pertinentes, de renforcer la protection du patrimoine culturel et d\u2019encourager un dialogue ouvert sur la restitution des biens culturels.<\/p>\n<p style=\"text-align: justify;\">Ce libell\u00e9 fait suite \u00e0 la D\u00e9claration des ministres de la Culture adopt\u00e9e le 8 novembre 2024 \u00e0 Salvador de Bahia qui a conclu ses travaux avec la signature de la D\u00e9claration de <a href=\"https:\/\/www.g20.org\/en\/tracks\/sherpa-track\/culture\" target=\"_blank\" rel=\"noopener\">Salvador de Bahia<\/a>. Il est important de noter que la D\u00e9claration a r\u00e9it\u00e9r\u00e9 la \u201cpr\u00e9occupation concernant le pillage et le trafic continus de biens culturels\u201d et a r\u00e9affirm\u00e9 son \u201cengagement \u00e0 renforcer la lutte contre les crimes commis contre le patrimoine culturel et les institutions culturelles\u201d.<\/p>\n<p style=\"text-align: justify;\">Les instruments d\u2019UNIDROIT pour lutter contre le trafic illicite de biens culturels sont des outils permettant aux \u00c9tats de mettre en \u0153uvre les actions sp\u00e9cifiques demand\u00e9es par la D\u00e9claration de Salvador de Bahia, telles que la ratification et la mise en \u0153uvre effective des accords internationaux, y compris la <a href=\"https:\/\/www.unidroit.org\/fr\/instruments\/biens-culturels\/convention-de-1995\/\">Convention d\u2019UNIDROIT de 1995 sur les biens culturels vol\u00e9s ou illicitement export\u00e9s<\/a>, le renforcement de la coordination mondiale pour renforcer la lutte contre le trafic illicite de biens culturels par la coop\u00e9ration, le renforcement des capacit\u00e9s, les \u00e9changes techniques, la diligence raisonnable et l\u2019\u00e9ducation, ainsi qu\u2019un soutien \u00e0 un dialogue ouvert et inclusif sur le retour et la restitution des biens culturels, y compris les biens export\u00e9s ill\u00e9galement.<\/p>\n<p style=\"text-align: justify;\">Ces d\u00e9clarations et engagements font \u00e9galement \u00e9cho \u00e0 ceux de la <a href=\"https:\/\/www.g7italy.it\/wp-content\/uploads\/G7-Culture-Declaration-EN-DEF.pdf\" target=\"_blank\" rel=\"noopener\">D\u00e9claration des ministres de la Culture du G7<\/a> adopt\u00e9e \u00e0 Naples en septembre dernier.<\/p>\n<p style=\"text-align: justify;\">En 2025, l\u2019Afrique du Sud assumera la pr\u00e9sidence du G20, devenant ainsi le premier pays africain \u00e0 occuper ce poste et UNIDROIT est pr\u00eat \u00e0 accompagner son \u00c9tat membre dans ce parcours.<\/p>\n<p>&nbsp;<\/p>\n","protected":false},"excerpt":{"rendered":"<p>Les 18 et 19 novembre 2024, les dirigeants mondiaux se sont r\u00e9unis \u00e0 Rio de Janeiro pour le Sommet du G20 de 2024 et ont soulign\u00e9 dans la D\u00e9claration de Rio de Janeiro le r\u00f4le important jou\u00e9 par la culture. Ils ont demand\u00e9 aux \u00c9tats&nbsp;<a href=\"https:\/\/www.unidroit.org\/fr\/unidroit-un-partenaire-solide-dans-la-mise-en-oeuvre-de-la-declaration-des-dirigeants-du-sommet-du-g20-et-de-la-declaration-des-ministres-de-la-culture-du-g20\/\">&hellip;<\/a><\/p>\n","protected":false},"author":30,"featured_media":29984,"comment_status":"closed","ping_status":"open","sticky":false,"template":"","format":"standard","meta":{"ep_exclude_from_search":false,"footnotes":""},"categories":[79,218],"tags":[],"class_list":["post-29817","post","type-post","status-publish","format-standard","has-post-thumbnail","hentry","category-actualites","category-cultural-property-fr","odd"],"_links":{"self":[{"href":"https:\/\/www.unidroit.org\/fr\/wp-json\/wp\/v2\/posts\/29817","targetHints":{"allow":["GET"]}}],"collection":[{"href":"https:\/\/www.unidroit.org\/fr\/wp-json\/wp\/v2\/posts"}],"about":[{"href":"https:\/\/www.unidroit.org\/fr\/wp-json\/wp\/v2\/types\/post"}],"author":[{"embeddable":true,"href":"https:\/\/www.unidroit.org\/fr\/wp-json\/wp\/v2\/users\/30"}],"replies":[{"embeddable":true,"href":"https:\/\/www.unidroit.org\/fr\/wp-json\/wp\/v2\/comments?post=29817"}],"version-history":[{"count":4,"href":"https:\/\/www.unidroit.org\/fr\/wp-json\/wp\/v2\/posts\/29817\/revisions"}],"predecessor-version":[{"id":29823,"href":"https:\/\/www.unidroit.org\/fr\/wp-json\/wp\/v2\/posts\/29817\/revisions\/29823"}],"wp:featuredmedia":[{"embeddable":true,"href":"https:\/\/www.unidroit.org\/fr\/wp-json\/wp\/v2\/media\/29984"}],"wp:attachment":[{"href":"https:\/\/www.unidroit.org\/fr\/wp-json\/wp\/v2\/media?parent=29817"}],"wp:term":[{"taxonomy":"category","embeddable":true,"href":"https:\/\/www.unidroit.org\/fr\/wp-json\/wp\/v2\/categories?post=29817"},{"taxonomy":"post_tag","embeddable":true,"href":"https:\/\/www.unidroit.org\/fr\/wp-json\/wp\/v2\/tags?post=29817"}],"curies":[{"name":"wp","href":"https:\/\/api.w.org\/{rel}","templated":true}]}}