{"id":29870,"date":"2024-11-20T16:21:28","date_gmt":"2024-11-20T15:21:28","guid":{"rendered":"https:\/\/www.unidroit.org\/unidroit-delegation-participates-in-hong-kong-legal-week-2024\/"},"modified":"2024-11-28T16:06:10","modified_gmt":"2024-11-28T15:06:10","slug":"une-delegation-dunidroit-participe-a-la-semaine-juridique-de-hong-kong-2024","status":"publish","type":"post","link":"https:\/\/www.unidroit.org\/fr\/une-delegation-dunidroit-participe-a-la-semaine-juridique-de-hong-kong-2024\/","title":{"rendered":"Une d\u00e9l\u00e9gation d\u2019UNIDROIT participe \u00e0 la Semaine juridique de Hong Kong 2024"},"content":{"rendered":"<p style=\"text-align: justify;\">Du 4 au 8 novembre 2024, une d\u00e9l\u00e9gation d\u2019UNIDROIT compos\u00e9e du Secr\u00e9taire G\u00e9n\u00e9ral Ignacio Tirado, de la Secr\u00e9taire G\u00e9n\u00e9rale adjointe Anna Veneziano, de la Fonctionnaire principale Meiling Huang et du Fonctionnaire principal William Brydie-Watson a particip\u00e9 \u00e0 la Semaine juridique de Hong Kong 2024, qui est un \u00e9v\u00e9nement phare annuel de cinq jours du secteur juridique et du D\u00e9partement de la Justice (DoJ) de la R\u00e9gion administrative sp\u00e9ciale de Hong Kong (HKSAR).<\/p>\n<p><img loading=\"lazy\" decoding=\"async\" class=\"alignnone size-medium wp-image-29519\" src=\"https:\/\/www.unidroit.org\/wp-content\/uploads\/2024\/11\/Day-2-General-Legal-Week-whole-delegation.jpeg\" alt=\"\" width=\"300\" height=\"200\" srcset=\"https:\/\/www.unidroit.org\/wp-content\/uploads\/2024\/11\/Day-2-General-Legal-Week-whole-delegation.jpeg 2560w, https:\/\/www.unidroit.org\/wp-content\/uploads\/2024\/11\/Day-2-General-Legal-Week-whole-delegation-300x200.jpeg 300w, https:\/\/www.unidroit.org\/wp-content\/uploads\/2024\/11\/Day-2-General-Legal-Week-whole-delegation-1024x683.jpeg 1024w\" sizes=\"auto, (max-width: 300px) 100vw, 300px\" \/><img loading=\"lazy\" decoding=\"async\" class=\"size-medium wp-image-29525 alignright\" src=\"https:\/\/www.unidroit.org\/wp-content\/uploads\/2024\/11\/Day-5-Meiling-with-panel-on-stage-scaled.jpg\" alt=\"\" width=\"300\" height=\"200\" srcset=\"https:\/\/www.unidroit.org\/wp-content\/uploads\/2024\/11\/Day-5-Meiling-with-panel-on-stage-scaled.jpg 2560w, https:\/\/www.unidroit.org\/wp-content\/uploads\/2024\/11\/Day-5-Meiling-with-panel-on-stage-scaled-300x200.jpg 300w, https:\/\/www.unidroit.org\/wp-content\/uploads\/2024\/11\/Day-5-Meiling-with-panel-on-stage-scaled-1024x683.jpg 1024w\" sizes=\"auto, (max-width: 300px) 100vw, 300px\" \/><\/p>\n<p style=\"text-align: justify;\">Apr\u00e8s le <a href=\"https:\/\/www.unidroit.org\/unidroit-delivers-second-asia-pacific-international-private-law-summit-apipls-in-hong-kong-china\/\">Asia-Pacific International Private Law Summit\u00a0<\/a>co-organis\u00e9 avec le DoJ le premier jour de la Semaine juridique (4 novembre 2024), la d\u00e9l\u00e9gation d\u2019UNIDROIT a assist\u00e9 au deuxi\u00e8me Forum juridique sur l\u2019interconnectivit\u00e9 et le d\u00e9veloppement le 5 novembre 2024, o\u00f9 des intervenants de la Banque asiatique de d\u00e9veloppement pour les infrastructures (AIIB), de l\u2019Acad\u00e9mie asiatique de droit international et d\u2019autres praticiens ont discut\u00e9 du r\u00f4le de la R\u00e9gion administrative sp\u00e9ciale de Hong Kong en tant que pont entre la Chine continentale et les march\u00e9s mondiaux, et de la fa\u00e7on dont le d\u00e9veloppement en vertu du droit international jouait un r\u00f4le crucial dans la promotion de la croissance durable et de la prosp\u00e9rit\u00e9.<\/p>\n<p style=\"text-align: justify;\">Le 7 novembre 2024, le Secr\u00e9taire G\u00e9n\u00e9ral Ignacio Tirado, qui est membre du Conseil consultatif international du Comit\u00e9 d\u2019experts sur la formation des talents juridiques internationaux de Hong Kong (Comit\u00e9 d\u2019experts), a assist\u00e9 \u00e0 la premi\u00e8re r\u00e9union pl\u00e9ni\u00e8re annuelle du Comit\u00e9 d\u2019experts de l\u2019Acad\u00e9mie de formation des talents juridiques internationaux de Hong Kong. Le 8 novembre, le Secr\u00e9taire G\u00e9n\u00e9ral Ignacio Tirado a \u00e9galement assist\u00e9 \u00e0 la c\u00e9r\u00e9monie de lancement de l\u2019Acad\u00e9mie de formation.<\/p>\n<p style=\"text-align: justify;\">Le 8 novembre, la d\u00e9l\u00e9gation d\u2019UNIDROIT a particip\u00e9 \u00e0 l\u2019\u00e9v\u00e9nement <em>Rule of Law: Best Business Environment<\/em>, qui s\u2019est tenu \u00e0 la fin de la Semaine juridique de Hong Kong 2024. Au cours d\u2019une table ronde sur le th\u00e8me \u201cTalents in the Belt and Road\u201d, la Fonctionnaire principale Meiling Huang a expliqu\u00e9 comment UNIDROIT joue un r\u00f4le important dans la formation de talents juridiques pour r\u00e9pondre aux besoins changeants de la r\u00e9gion gr\u00e2ce au Programme de bourses, de stages et de recherche d\u2019UNIDROIT et au Programme de d\u00e9tachement. Sa pr\u00e9sentation a \u00e9galement mis en \u00e9vidence le fait qu\u2019UNIDROIT est une plaque tournante importante pour la coop\u00e9ration avec les institutions acad\u00e9miques du monde entier dans les domaines du droit international priv\u00e9 et commercial.<\/p>\n<p>\u00a0\u00a0<img loading=\"lazy\" decoding=\"async\" class=\"alignnone size-medium wp-image-29523\" src=\"https:\/\/www.unidroit.org\/wp-content\/uploads\/2024\/11\/Day-5-Meiling-speaker-scaled.jpg\" alt=\"\" width=\"300\" height=\"200\" srcset=\"https:\/\/www.unidroit.org\/wp-content\/uploads\/2024\/11\/Day-5-Meiling-speaker-scaled.jpg 2560w, https:\/\/www.unidroit.org\/wp-content\/uploads\/2024\/11\/Day-5-Meiling-speaker-scaled-300x200.jpg 300w, https:\/\/www.unidroit.org\/wp-content\/uploads\/2024\/11\/Day-5-Meiling-speaker-scaled-1024x683.jpg 1024w\" sizes=\"auto, (max-width: 300px) 100vw, 300px\" \/> \u00a0<img loading=\"lazy\" decoding=\"async\" class=\"size-medium wp-image-29527 alignright\" src=\"https:\/\/www.unidroit.org\/wp-content\/uploads\/2024\/11\/Tirado-and-SJ-in-Expert-Committee-meeting-scaled.jpeg\" alt=\"\" width=\"300\" height=\"200\" srcset=\"https:\/\/www.unidroit.org\/wp-content\/uploads\/2024\/11\/Tirado-and-SJ-in-Expert-Committee-meeting-scaled.jpeg 2560w, https:\/\/www.unidroit.org\/wp-content\/uploads\/2024\/11\/Tirado-and-SJ-in-Expert-Committee-meeting-scaled-300x200.jpeg 300w, https:\/\/www.unidroit.org\/wp-content\/uploads\/2024\/11\/Tirado-and-SJ-in-Expert-Committee-meeting-scaled-1024x683.jpeg 1024w\" sizes=\"auto, (max-width: 300px) 100vw, 300px\" \/><\/p>\n<p>Un enregistrement des \u00e9v\u00e9nements de la Semaine juridique de Hong Kong 2024 peut \u00eatre visionn\u00e9 <a href=\"https:\/\/www.youtube.com\/@HongKongLegalWeekEnglish\/streams\" target=\"_blank\" rel=\"noopener\">ici<\/a>.<\/p>\n","protected":false},"excerpt":{"rendered":"<p>Du 4 au 8 novembre 2024, une d\u00e9l\u00e9gation d\u2019UNIDROIT compos\u00e9e du Secr\u00e9taire G\u00e9n\u00e9ral Ignacio Tirado, de la Secr\u00e9taire G\u00e9n\u00e9rale adjointe Anna Veneziano, de la Fonctionnaire principale Meiling Huang et du Fonctionnaire principal William Brydie-Watson a particip\u00e9 \u00e0 la Semaine juridique de Hong Kong 2024, qui&nbsp;<a href=\"https:\/\/www.unidroit.org\/fr\/une-delegation-dunidroit-participe-a-la-semaine-juridique-de-hong-kong-2024\/\">&hellip;<\/a><\/p>\n","protected":false},"author":30,"featured_media":29522,"comment_status":"closed","ping_status":"closed","sticky":false,"template":"","format":"standard","meta":{"ep_exclude_from_search":false,"footnotes":""},"categories":[79],"tags":[],"class_list":["post-29870","post","type-post","status-publish","format-standard","has-post-thumbnail","hentry","category-actualites","odd"],"_links":{"self":[{"href":"https:\/\/www.unidroit.org\/fr\/wp-json\/wp\/v2\/posts\/29870","targetHints":{"allow":["GET"]}}],"collection":[{"href":"https:\/\/www.unidroit.org\/fr\/wp-json\/wp\/v2\/posts"}],"about":[{"href":"https:\/\/www.unidroit.org\/fr\/wp-json\/wp\/v2\/types\/post"}],"author":[{"embeddable":true,"href":"https:\/\/www.unidroit.org\/fr\/wp-json\/wp\/v2\/users\/30"}],"replies":[{"embeddable":true,"href":"https:\/\/www.unidroit.org\/fr\/wp-json\/wp\/v2\/comments?post=29870"}],"version-history":[{"count":3,"href":"https:\/\/www.unidroit.org\/fr\/wp-json\/wp\/v2\/posts\/29870\/revisions"}],"predecessor-version":[{"id":29874,"href":"https:\/\/www.unidroit.org\/fr\/wp-json\/wp\/v2\/posts\/29870\/revisions\/29874"}],"wp:featuredmedia":[{"embeddable":true,"href":"https:\/\/www.unidroit.org\/fr\/wp-json\/wp\/v2\/media\/29522"}],"wp:attachment":[{"href":"https:\/\/www.unidroit.org\/fr\/wp-json\/wp\/v2\/media?parent=29870"}],"wp:term":[{"taxonomy":"category","embeddable":true,"href":"https:\/\/www.unidroit.org\/fr\/wp-json\/wp\/v2\/categories?post=29870"},{"taxonomy":"post_tag","embeddable":true,"href":"https:\/\/www.unidroit.org\/fr\/wp-json\/wp\/v2\/tags?post=29870"}],"curies":[{"name":"wp","href":"https:\/\/api.w.org\/{rel}","templated":true}]}}