{"id":30354,"date":"2024-12-18T17:15:33","date_gmt":"2024-12-18T16:15:33","guid":{"rendered":"https:\/\/www.unidroit.org\/?p=30354"},"modified":"2024-12-18T17:15:33","modified_gmt":"2024-12-18T16:15:33","slug":"la-journee-de-la-presidence-sud-africaine-celebree-a-unidroit","status":"publish","type":"post","link":"https:\/\/www.unidroit.org\/fr\/la-journee-de-la-presidence-sud-africaine-celebree-a-unidroit\/","title":{"rendered":"La journ\u00e9e de la Pr\u00e9sidence sud-africaine c\u00e9l\u00e9br\u00e9e \u00e0 UNIDROIT"},"content":{"rendered":"<p style=\"text-align: justify;\">Le 13 d\u00e9cembre, <a href=\"https:\/\/www.unidroit.org\/wp-content\/uploads\/2024\/12\/SOUTH-AFRICA-PRESIDENCY-DAY-SIDE-EVENT-TO-GENERAL-ASSEMBLY-3.pdf\">en marge de la 84\u00e8me session de l\u2019Assembl\u00e9e G\u00e9n\u00e9rale d\u2019UNIDROIT<\/a>, des d\u00e9l\u00e9gations des \u00c9tats membres et des \u00c9tats non membres ont \u00e9t\u00e9 invit\u00e9es \u00e0 participer \u00e0 un \u00e9v\u00e9nement organis\u00e9 conjointement par UNIDROIT et l\u2019Ambassade d\u2019Afrique du Sud \u00e0 Rome, pour c\u00e9l\u00e9brer la Pr\u00e9sidence sud-africaine de l\u2019Assembl\u00e9e G\u00e9n\u00e9rale d\u2019UNIDROIT en 2024. L\u2019\u00e9v\u00e9nement a \u00e9t\u00e9 inaugur\u00e9 par la Professeure Maria Chiara Malaguti (Pr\u00e9sidente d\u2019UNIDROIT), Son Excellence Mme Nosipho Nausca-Jean Jezile (Ambassadrice d\u2019Afrique du Sud en Italie et Pr\u00e9sidente de l\u2019Assembl\u00e9e G\u00e9n\u00e9rale d\u2019UNIDROIT 2023-2024), M. Marco Giungi (Ministre pl\u00e9nipotentiaire, Chef de l\u2019unit\u00e9 charg\u00e9e de la strat\u00e9gie multilat\u00e9rale globale pour la coop\u00e9ration au d\u00e9veloppement au Minist\u00e8re italien des Affaires \u00e9trang\u00e8res et de la Coop\u00e9ration internationale), Son Excellence Mme Maria De Fatima Jardim (Ambassadrice de l\u2019Angola en Italie et Pr\u00e9sidente de la Communaut\u00e9 de d\u00e9veloppement de l\u2019Afrique australe \u2013 CDAA), et Son Excellence Mme Fatimata Cheiffou (Ambassadrice du Niger en Italie et Pr\u00e9sidente du Groupe r\u00e9gional Afrique). Cette c\u00e9r\u00e9monie d\u2019ouverture a \u00e9t\u00e9 marqu\u00e9e par des interventions importantes, mettant en exergue le succ\u00e8s des initiatives r\u00e9alis\u00e9es sous la Pr\u00e9sidence sud-africaine de l\u2019Assembl\u00e9e G\u00e9n\u00e9rale, ainsi que par l\u2019int\u00e9r\u00eat croissant et le soutien renforc\u00e9 qu\u2019UNIDROIT suscite sur le continent africain. Des initiatives telles que le Programme international pour le droit et le d\u00e9veloppement, ainsi que d\u2019autres activit\u00e9s destin\u00e9es \u00e0 promouvoir la sensibilisation et la mise en \u0153uvre d\u2019instruments juridiques essentiels au d\u00e9veloppement de l\u2019Afrique, ont \u00e9t\u00e9 examin\u00e9es en d\u00e9tail.<\/p>\n<p style=\"text-align: justify;\">Le Professeur Ignacio Tirado, Secr\u00e9taire G\u00e9n\u00e9ral d\u2019UNIDROIT, a ensuite pr\u00e9sent\u00e9 aux participants une vue d\u2019ensemble des instruments d\u2019UNIDROIT relatifs \u00e0 l\u2019acc\u00e8s au cr\u00e9dit d\u2019UNIDROIT et de leurs interactions avec d\u2019autres domaines de travail, en soulignant l\u2019importance de ces interactions pour la croissance et le d\u00e9veloppement \u00e9conomique durable. Un groupe de discussion a ensuite \u00e9t\u00e9 organis\u00e9 sur le Protocole ferroviaire de Luxembourg \u00e0 la Convention du Cap et sa pertinence pour le d\u00e9veloppement \u00e9conomique et social en Afrique, dans le cadre plus large du syst\u00e8me conventionnel de la Convention du Cap, et \u00e0 la lumi\u00e8re du d\u00e9p\u00f4t imminent par l\u2019Afrique du Sud de sa ratification du Protocole. Mod\u00e9r\u00e9 par la Professeure Anna Veneziano, Mme Lunesterline Andriamahatahitry (Chef du d\u00e9partement de l\u2019administration et des finances, Organisation intergouvernementale pour les transports internationaux ferroviaires \u2013 OTIF) et Mme Mesela Nhlapo (Directrice G\u00e9n\u00e9rale de l\u2019Association Africaine de l\u2019Industrie Ferroviaire) ont respectivement fourni des conseils et des illustrations concernant les avantages de l\u2019adh\u00e9sion au Protocole apr\u00e8s son entr\u00e9e en vigueur en mars 2024, ainsi que sur le fonctionnement du Registre (pour lequel l\u2019OTIF joue le r\u00f4le de Secr\u00e9tariat de l\u2019Autorit\u00e9 de surveillance) et sur son r\u00f4le cl\u00e9 en tant que catalyseur des objectifs de l\u2019agenda \u201cL\u2019Afrique que nous voulons\u201d.<\/p>\n<p style=\"text-align: justify;\">Dans le dernier groupe de discussions, mod\u00e9r\u00e9 par le Professeur Jan Neels (Professeur de droit international priv\u00e9 \u00e0 l\u2019Universit\u00e9 de Johannesburg, ancien membre du Conseil de Direction d\u2019UNIDROIT), le Professeur Eesa Fredericks (Chef du D\u00e9partement de droit commercial, Professeur associ\u00e9 de droit international priv\u00e9 \u00e0 l\u2019Universit\u00e9 de Johannesburg et membre du Conseil de Direction d\u2019UNIDROIT) et la Professeure Marlene Wethmar-Lemmer (Professeure de droit international priv\u00e9 \u00e0 l\u2019Universit\u00e9 d\u2019Afrique du Sud) ont respectivement expos\u00e9 l\u2019impact des Principes d\u2019UNIDROIT relatifs aux contrats de commerce international sur le droit sud-africain, ainsi que leur r\u00f4le dans la r\u00e9glementation des contrats de vente internationale dans le cadre de l\u2019Accord de libre-\u00e9change continental africain.<\/p>\n","protected":false},"excerpt":{"rendered":"<p>Le 13 d\u00e9cembre, en marge de la 84\u00e8me session de l\u2019Assembl\u00e9e G\u00e9n\u00e9rale d\u2019UNIDROIT, des d\u00e9l\u00e9gations des \u00c9tats membres et des \u00c9tats non membres ont \u00e9t\u00e9 invit\u00e9es \u00e0 participer \u00e0 un \u00e9v\u00e9nement organis\u00e9 conjointement par UNIDROIT et l\u2019Ambassade d\u2019Afrique du Sud \u00e0 Rome, pour c\u00e9l\u00e9brer la&nbsp;<a href=\"https:\/\/www.unidroit.org\/fr\/la-journee-de-la-presidence-sud-africaine-celebree-a-unidroit\/\">&hellip;<\/a><\/p>\n","protected":false},"author":30,"featured_media":30313,"comment_status":"closed","ping_status":"closed","sticky":false,"template":"","format":"standard","meta":{"ep_exclude_from_search":false,"footnotes":""},"categories":[79,127,219,202,206,322,260,316],"tags":[],"class_list":["post-30354","post","type-post","status-publish","format-standard","has-post-thumbnail","hentry","category-actualites","category-contrats","category-international-summer-school-fr-2","category-rail-protocol-fr","category-secured-transactions-fr","category-sustainable-development","category-unidroit-academy-fr","category-unidroit-ipld-fr","odd"],"_links":{"self":[{"href":"https:\/\/www.unidroit.org\/fr\/wp-json\/wp\/v2\/posts\/30354","targetHints":{"allow":["GET"]}}],"collection":[{"href":"https:\/\/www.unidroit.org\/fr\/wp-json\/wp\/v2\/posts"}],"about":[{"href":"https:\/\/www.unidroit.org\/fr\/wp-json\/wp\/v2\/types\/post"}],"author":[{"embeddable":true,"href":"https:\/\/www.unidroit.org\/fr\/wp-json\/wp\/v2\/users\/30"}],"replies":[{"embeddable":true,"href":"https:\/\/www.unidroit.org\/fr\/wp-json\/wp\/v2\/comments?post=30354"}],"version-history":[{"count":2,"href":"https:\/\/www.unidroit.org\/fr\/wp-json\/wp\/v2\/posts\/30354\/revisions"}],"predecessor-version":[{"id":30356,"href":"https:\/\/www.unidroit.org\/fr\/wp-json\/wp\/v2\/posts\/30354\/revisions\/30356"}],"wp:featuredmedia":[{"embeddable":true,"href":"https:\/\/www.unidroit.org\/fr\/wp-json\/wp\/v2\/media\/30313"}],"wp:attachment":[{"href":"https:\/\/www.unidroit.org\/fr\/wp-json\/wp\/v2\/media?parent=30354"}],"wp:term":[{"taxonomy":"category","embeddable":true,"href":"https:\/\/www.unidroit.org\/fr\/wp-json\/wp\/v2\/categories?post=30354"},{"taxonomy":"post_tag","embeddable":true,"href":"https:\/\/www.unidroit.org\/fr\/wp-json\/wp\/v2\/tags?post=30354"}],"curies":[{"name":"wp","href":"https:\/\/api.w.org\/{rel}","templated":true}]}}