{"id":30566,"date":"2025-01-22T15:03:23","date_gmt":"2025-01-22T14:03:23","guid":{"rendered":"https:\/\/www.unidroit.org\/?p=30566"},"modified":"2025-01-22T15:03:23","modified_gmt":"2025-01-22T14:03:23","slug":"unidroit-signe-un-protocole-daccord-avec-la-faculte-de-droit-de-luniversite-hebraique-de-jerusalem","status":"publish","type":"post","link":"https:\/\/www.unidroit.org\/fr\/unidroit-signe-un-protocole-daccord-avec-la-faculte-de-droit-de-luniversite-hebraique-de-jerusalem\/","title":{"rendered":"UNIDROIT signe un Protocole d\u2019accord avec la Facult\u00e9 de droit de l\u2019Universit\u00e9 h\u00e9bra\u00efque de J\u00e9rusalem"},"content":{"rendered":"<p style=\"text-align: justify;\">L\u2019Institut international pour l\u2019unification du droit priv\u00e9 (<strong>UNIDROIT<\/strong>) a sign\u00e9 un Protocole d\u2019accord avec l\u2019Universit\u00e9 h\u00e9bra\u00efque de J\u00e9rusalem, Facult\u00e9 de droit (<strong>HUJI<\/strong>). Cet accord a \u00e9t\u00e9 sign\u00e9 le 21 janvier 2025 lors d\u2019une session de travail sur la conformit\u00e9 avec les trait\u00e9s de droit commercial transnational, projet auquel les deux institutions contribuent.\u00a0 La Professeure Anna Veneziano, Secr\u00e9taire G\u00e9n\u00e9rale adjointe d\u2019UNIDROIT et le Professeur Tomer Broude, Doyen de l\u2019HUJI, ainsi que le Professeur Jeffrey Wool, membre des deux institutions, ont particip\u00e9 \u00e0 la c\u00e9r\u00e9monie de signature \u00e0 Cambridge. Le Protocole d\u2019accord \u00e9tablit un cadre pour une collaboration \u00e9troite entre les deux institutions, en mettant l\u2019accent sur diverses initiatives acad\u00e9miques telles que des cours, des conf\u00e9rences et des projets de recherche. Conform\u00e9ment \u00e0 l\u2019accord, et sous r\u00e9serve des ressources disponibles, UNIDROIT sera li\u00e9 et impliqu\u00e9 dans a) un LLM sp\u00e9cialis\u00e9 en droit des affaires internationales \u00e0 HUJI, et b) un projet potentiel en temps voulu sur le droit des affaires internationales avec l\u2019HUJI impliquant des universit\u00e9s de premier plan dans des pays de la r\u00e9gion. En outre, le M\u00e9morandum pr\u00e9voit une int\u00e9gration renforc\u00e9e des instruments et projets d\u2019UNIDROIT dans l\u2019offre acad\u00e9mique de l\u2019HUJI.<\/p>\n<p style=\"text-align: justify;\">Le Professeur Tomer Broude, Doyen de l\u2019HUJI, a ajout\u00e9: \u201cJe suis ravi d\u2019\u00e9tablir cette nouvelle et passionnante relation entre UNIDROIT et l\u2019Universit\u00e9 h\u00e9bra\u00efque de J\u00e9rusalem, avec l\u2019\u00e9norme potentiel local, r\u00e9gional et international qu\u2019elle pr\u00e9sente. Les deux institutions ont \u00e9t\u00e9 fond\u00e9es au m\u00eame moment historique, il y a un si\u00e8cle (1925-1926). Nous partageons la m\u00eame vision de la promotion de la connaissance, du progr\u00e8s humain et d\u2019une compr\u00e9hension plus large de l\u2019\u00c9tat de droit et de son \u00e9quilibre avec la solidarit\u00e9, les libert\u00e9s et les contraintes commerciales, et le r\u00f4le de l\u2019harmonisation juridique transnationale dans la soci\u00e9t\u00e9 mondiale. Nous sommes fiers de rejoindre le groupe international de partenaires universitaires d\u2019UNIDROIT et nous nous r\u00e9jouissons de cette coop\u00e9ration\u201d.<\/p>\n<p style=\"text-align: justify;\">Le Professeur Ignacio Tirado, Secr\u00e9taire G\u00e9n\u00e9ral d\u2019UNIDROIT, a comment\u00e9 l\u2019\u00e9v\u00e9nement : \u201cJe suis tr\u00e8s heureux que nous \u00e9tablissions formellement une coop\u00e9ration avec la Facult\u00e9 de droit de l\u2019Universit\u00e9 h\u00e9bra\u00efque de J\u00e9rusalem, dans le cadre de l\u2019Acad\u00e9mie d\u2019UNIDROIT. Nous nous r\u00e9jouissons de promouvoir une meilleure compr\u00e9hension des avantages des instruments d\u2019UNIDROIT en mati\u00e8re de droit commercial transnational et de programmes tr\u00e8s prometteurs pour l\u2019enseignement, la recherche universitaire et la collaboration future dans ce domaine\u201d.<\/p>\n<p>&nbsp;<\/p>\n<p><img loading=\"lazy\" decoding=\"async\" class=\"alignleft wp-image-30559 size-medium\" src=\"https:\/\/www.unidroit.org\/wp-content\/uploads\/2025\/01\/pro-lJCZ7Eyz-scaled-225x300.jpeg\" alt=\"\" width=\"225\" height=\"300\" srcset=\"https:\/\/www.unidroit.org\/wp-content\/uploads\/2025\/01\/pro-lJCZ7Eyz-scaled-225x300.jpeg 225w, https:\/\/www.unidroit.org\/wp-content\/uploads\/2025\/01\/pro-lJCZ7Eyz-scaled-768x1024.jpeg 768w, https:\/\/www.unidroit.org\/wp-content\/uploads\/2025\/01\/pro-lJCZ7Eyz-scaled.jpeg 1920w\" sizes=\"auto, (max-width: 225px) 100vw, 225px\" \/><\/p>\n<p style=\"text-align: justify;\"><img loading=\"lazy\" decoding=\"async\" class=\"alignright wp-image-30561 size-medium\" src=\"https:\/\/www.unidroit.org\/wp-content\/uploads\/2025\/01\/pro-NQsgTvj9-scaled-225x300.jpeg\" alt=\"\" width=\"225\" height=\"300\" srcset=\"https:\/\/www.unidroit.org\/wp-content\/uploads\/2025\/01\/pro-NQsgTvj9-scaled-225x300.jpeg 225w, https:\/\/www.unidroit.org\/wp-content\/uploads\/2025\/01\/pro-NQsgTvj9-scaled-768x1024.jpeg 768w, https:\/\/www.unidroit.org\/wp-content\/uploads\/2025\/01\/pro-NQsgTvj9-scaled.jpeg 1920w\" sizes=\"auto, (max-width: 225px) 100vw, 225px\" \/><\/p>\n","protected":false},"excerpt":{"rendered":"<p>L\u2019Institut international pour l\u2019unification du droit priv\u00e9 (UNIDROIT) a sign\u00e9 un Protocole d\u2019accord avec l\u2019Universit\u00e9 h\u00e9bra\u00efque de J\u00e9rusalem, Facult\u00e9 de droit (HUJI). Cet accord a \u00e9t\u00e9 sign\u00e9 le 21 janvier 2025 lors d\u2019une session de travail sur la conformit\u00e9 avec les trait\u00e9s de droit commercial&nbsp;<a href=\"https:\/\/www.unidroit.org\/fr\/unidroit-signe-un-protocole-daccord-avec-la-faculte-de-droit-de-luniversite-hebraique-de-jerusalem\/\">&hellip;<\/a><\/p>\n","protected":false},"author":30,"featured_media":30563,"comment_status":"closed","ping_status":"open","sticky":false,"template":"","format":"standard","meta":{"ep_exclude_from_search":false,"footnotes":""},"categories":[79,286],"tags":[],"class_list":["post-30566","post","type-post","status-publish","format-standard","has-post-thumbnail","hentry","category-actualites","category-mou-2-fr","odd"],"_links":{"self":[{"href":"https:\/\/www.unidroit.org\/fr\/wp-json\/wp\/v2\/posts\/30566","targetHints":{"allow":["GET"]}}],"collection":[{"href":"https:\/\/www.unidroit.org\/fr\/wp-json\/wp\/v2\/posts"}],"about":[{"href":"https:\/\/www.unidroit.org\/fr\/wp-json\/wp\/v2\/types\/post"}],"author":[{"embeddable":true,"href":"https:\/\/www.unidroit.org\/fr\/wp-json\/wp\/v2\/users\/30"}],"replies":[{"embeddable":true,"href":"https:\/\/www.unidroit.org\/fr\/wp-json\/wp\/v2\/comments?post=30566"}],"version-history":[{"count":2,"href":"https:\/\/www.unidroit.org\/fr\/wp-json\/wp\/v2\/posts\/30566\/revisions"}],"predecessor-version":[{"id":30568,"href":"https:\/\/www.unidroit.org\/fr\/wp-json\/wp\/v2\/posts\/30566\/revisions\/30568"}],"wp:featuredmedia":[{"embeddable":true,"href":"https:\/\/www.unidroit.org\/fr\/wp-json\/wp\/v2\/media\/30563"}],"wp:attachment":[{"href":"https:\/\/www.unidroit.org\/fr\/wp-json\/wp\/v2\/media?parent=30566"}],"wp:term":[{"taxonomy":"category","embeddable":true,"href":"https:\/\/www.unidroit.org\/fr\/wp-json\/wp\/v2\/categories?post=30566"},{"taxonomy":"post_tag","embeddable":true,"href":"https:\/\/www.unidroit.org\/fr\/wp-json\/wp\/v2\/tags?post=30566"}],"curies":[{"name":"wp","href":"https:\/\/api.w.org\/{rel}","templated":true}]}}