{"id":30760,"date":"2025-01-30T08:21:17","date_gmt":"2025-01-30T07:21:17","guid":{"rendered":"https:\/\/www.unidroit.org\/secretaries-general-of-unidroit-and-serbian-ministry-of-foreign-affairs-meet-in-belgrade\/"},"modified":"2025-01-30T09:04:28","modified_gmt":"2025-01-30T08:04:28","slug":"les-secretaires-generaux-dunidroit-et-du-ministere-serbe-des-affaires-etrangeres-se-rencontrent-a-belgrade","status":"publish","type":"post","link":"https:\/\/www.unidroit.org\/fr\/les-secretaires-generaux-dunidroit-et-du-ministere-serbe-des-affaires-etrangeres-se-rencontrent-a-belgrade\/","title":{"rendered":"Les Secr\u00e9taires G\u00e9n\u00e9raux d\u2019UNIDROIT et du Minist\u00e8re serbe des Affaires \u00e9trang\u00e8res se rencontrent \u00e0 Belgrade"},"content":{"rendered":"<div class=\"x_elementToProof\" style=\"text-align: justify;\">\n<p><a href=\"https:\/\/www.unidroit.org\/wp-content\/uploads\/2025\/01\/IT-Kozarev-Ceranic-scaled.jpeg\"><img loading=\"lazy\" decoding=\"async\" class=\"size-medium wp-image-30755 alignleft\" src=\"https:\/\/www.unidroit.org\/wp-content\/uploads\/2025\/01\/IT-Kozarev-Ceranic-scaled.jpeg\" alt=\"\" width=\"300\" height=\"200\" srcset=\"https:\/\/www.unidroit.org\/wp-content\/uploads\/2025\/01\/IT-Kozarev-Ceranic-scaled.jpeg 2560w, https:\/\/www.unidroit.org\/wp-content\/uploads\/2025\/01\/IT-Kozarev-Ceranic-scaled-300x200.jpeg 300w, https:\/\/www.unidroit.org\/wp-content\/uploads\/2025\/01\/IT-Kozarev-Ceranic-scaled-1024x683.jpeg 1024w\" sizes=\"auto, (max-width: 300px) 100vw, 300px\" \/><\/a><\/p>\n<p>Le 29 janvier 2025, le Secr\u00e9taire G\u00e9n\u00e9ral Ignacio Tirado a initi\u00e9 une mission de trois jours \u00e0 Belgrade par une r\u00e9union avec M. Du\u0161an Kozarev, Secr\u00e9taire G\u00e9n\u00e9ral du Minist\u00e8re des Affaires \u00e9trang\u00e8res, et M. Vladimir Cvetkovic, Chef du D\u00e9partement de droit international.<\/p>\n<p>Avec la Professeure Jelena \u0106erani\u0107 de l\u2019Institut serbe de droit compar\u00e9, point de contact institutionnel officiel entre UNIDROIT et le Gouvernement serbe, les Secr\u00e9taires G\u00e9n\u00e9raux ont discut\u00e9 des possibilit\u00e9s de coop\u00e9ration diplomatique, institutionnelle et acad\u00e9mique sur le Programme de travail d\u2019UNIDROIT ainsi que sur la mise en \u0153uvre des instruments existants.<\/p>\n<\/div>\n<div class=\"x_elementToProof\"><\/div>\n","protected":false},"excerpt":{"rendered":"<p>Le 29 janvier 2025, le Secr\u00e9taire G\u00e9n\u00e9ral Ignacio Tirado a initi\u00e9 une mission de trois jours \u00e0 Belgrade par une r\u00e9union avec M. Du\u0161an Kozarev, Secr\u00e9taire G\u00e9n\u00e9ral du Minist\u00e8re des Affaires \u00e9trang\u00e8res, et M. Vladimir Cvetkovic, Chef du D\u00e9partement de droit international. Avec la Professeure&nbsp;<a href=\"https:\/\/www.unidroit.org\/fr\/les-secretaires-generaux-dunidroit-et-du-ministere-serbe-des-affaires-etrangeres-se-rencontrent-a-belgrade\/\">&hellip;<\/a><\/p>\n","protected":false},"author":8,"featured_media":30754,"comment_status":"closed","ping_status":"open","sticky":false,"template":"","format":"standard","meta":{"ep_exclude_from_search":false,"footnotes":""},"categories":[79],"tags":[],"class_list":["post-30760","post","type-post","status-publish","format-standard","has-post-thumbnail","hentry","category-actualites","odd"],"_links":{"self":[{"href":"https:\/\/www.unidroit.org\/fr\/wp-json\/wp\/v2\/posts\/30760","targetHints":{"allow":["GET"]}}],"collection":[{"href":"https:\/\/www.unidroit.org\/fr\/wp-json\/wp\/v2\/posts"}],"about":[{"href":"https:\/\/www.unidroit.org\/fr\/wp-json\/wp\/v2\/types\/post"}],"author":[{"embeddable":true,"href":"https:\/\/www.unidroit.org\/fr\/wp-json\/wp\/v2\/users\/8"}],"replies":[{"embeddable":true,"href":"https:\/\/www.unidroit.org\/fr\/wp-json\/wp\/v2\/comments?post=30760"}],"version-history":[{"count":2,"href":"https:\/\/www.unidroit.org\/fr\/wp-json\/wp\/v2\/posts\/30760\/revisions"}],"predecessor-version":[{"id":30762,"href":"https:\/\/www.unidroit.org\/fr\/wp-json\/wp\/v2\/posts\/30760\/revisions\/30762"}],"wp:featuredmedia":[{"embeddable":true,"href":"https:\/\/www.unidroit.org\/fr\/wp-json\/wp\/v2\/media\/30754"}],"wp:attachment":[{"href":"https:\/\/www.unidroit.org\/fr\/wp-json\/wp\/v2\/media?parent=30760"}],"wp:term":[{"taxonomy":"category","embeddable":true,"href":"https:\/\/www.unidroit.org\/fr\/wp-json\/wp\/v2\/categories?post=30760"},{"taxonomy":"post_tag","embeddable":true,"href":"https:\/\/www.unidroit.org\/fr\/wp-json\/wp\/v2\/tags?post=30760"}],"curies":[{"name":"wp","href":"https:\/\/api.w.org\/{rel}","templated":true}]}}