{"id":30830,"date":"2025-02-04T16:54:34","date_gmt":"2025-02-04T15:54:34","guid":{"rendered":"https:\/\/www.unidroit.org\/applications-open-for-unidroit-international-programme-for-law-and-development-ipld-africa-plus-2025\/"},"modified":"2025-02-06T12:48:24","modified_gmt":"2025-02-06T11:48:24","slug":"applications-open-for-unidroit-international-programme-for-law-and-development-ipld-africa-plus-2025","status":"publish","type":"post","link":"https:\/\/www.unidroit.org\/fr\/applications-open-for-unidroit-international-programme-for-law-and-development-ipld-africa-plus-2025\/","title":{"rendered":"Appel \u00e0 candidatures pour le Programme international d\u2019UNIDROIT pour le droit et le d\u00e9veloppement (PIDD) Africa Plus 2025"},"content":{"rendered":"<p style=\"text-align: justify;\"><img loading=\"lazy\" decoding=\"async\" class=\"size-medium wp-image-30796 alignleft\" src=\"https:\/\/www.unidroit.org\/wp-content\/uploads\/2025\/02\/gruppo-forse-scaled-300x200.jpg\" alt=\"\" width=\"300\" height=\"200\" srcset=\"https:\/\/www.unidroit.org\/wp-content\/uploads\/2025\/02\/gruppo-forse-scaled-300x200.jpg 300w, https:\/\/www.unidroit.org\/wp-content\/uploads\/2025\/02\/gruppo-forse-scaled-1024x683.jpg 1024w\" sizes=\"auto, (max-width: 300px) 100vw, 300px\" \/><\/p>\n<p><strong>L\u2019appel \u00e0 candidatures<\/strong> pour la <strong>quatri\u00e8me \u00e9dition<\/strong> du <strong>Programme international d\u2019UNIDROIT pour le droit et le d\u00e9veloppement (PIDD) Africa Plus<\/strong> est d\u00e9sormais en ligne! Pr\u00e9vu du <strong>3 juin au 5 juillet 2025<\/strong>, ce Programme tr\u00e8s attendu propose aux participants un ensemble unique de formations en ligne (au cours des deux premi\u00e8res semaines) et de sessions en personne <strong>au si\u00e8ge d\u2019UNIDROIT \u00e0 Rome, en Italie <\/strong>(au cours des trois derni\u00e8res semaines).<\/p>\n<p><strong>Qu\u2019est-ce que le PIDD Africa Plus?<\/strong><\/p>\n<p>L\u2019initiative PIDD Africa Plus, soutenue par la <strong>Direction g\u00e9n\u00e9rale de la coop\u00e9ration au d\u00e9veloppement du minist\u00e8re italien des Affaires \u00e9trang\u00e8res et de la coop\u00e9ration internationale<\/strong>, a pour objectif de promouvoir la mise en \u0153uvre des <strong>instruments juridiques internationaux d\u2019UNIDROIT<\/strong>. Ces instruments jouent un r\u00f4le essentiel dans <strong>l\u2019harmonisation du droit priv\u00e9 et commercial<\/strong>, en mettant l\u2019accent sur le d\u00e9veloppement durable.<\/p>\n<p>Fort de l\u2019exp\u00e9rience des \u00e9ditions pr\u00e9c\u00e9dentes, le programme de cette ann\u00e9e vise \u00e0 attirer un plus grand nombre de professionnels du droit et de la justice, notamment des <strong>juges<\/strong>, des <strong>avocats publics<\/strong> et des <strong>l\u00e9gislateurs exp\u00e9riment\u00e9s<\/strong> de toute l\u2019Afrique.<\/p>\n<p>Les participants acquerront une connaissance approfondie des <strong>instruments juridiques d\u2019UNIDROIT<\/strong>, leur permettant de:<\/p>\n<ul>\n<li style=\"list-style-type: none\">\n<ul>\n<li>mettre en \u0153uvre les instruments juridiques internationaux dans leur juridiction,<\/li>\n<li>favoriser la <strong>coop\u00e9ration internationale<\/strong>, et<\/li>\n<li><img loading=\"lazy\" decoding=\"async\" class=\"size-medium wp-image-30794 alignright\" src=\"https:\/\/www.unidroit.org\/wp-content\/uploads\/2025\/02\/2_aula-scaled-300x200.jpg\" alt=\"\" width=\"300\" height=\"200\" srcset=\"https:\/\/www.unidroit.org\/wp-content\/uploads\/2025\/02\/2_aula-scaled-300x200.jpg 300w, https:\/\/www.unidroit.org\/wp-content\/uploads\/2025\/02\/2_aula-scaled-1024x683.jpg 1024w\" sizes=\"auto, (max-width: 300px) 100vw, 300px\" \/>d\u00e9velopper leur expertise technique en mati\u00e8re de droit priv\u00e9 et commercial.<\/li>\n<\/ul>\n<\/li>\n<\/ul>\n<p>&nbsp;<\/p>\n<p>&nbsp;<\/p>\n<p>\u201c<em>Je souhaite exprimer la gratitude d\u2019UNIDROIT au minist\u00e8re italien des Affaires \u00e9trang\u00e8res et de la Coop\u00e9ration internationale pour son soutien continu et ind\u00e9fectible \u00e0 ce Programme, qui t\u00e9moigne de la volont\u00e9 constante de favoriser le d\u00e9veloppement par le biais de la coop\u00e9ration \u00e9conomique et juridique ainsi que du dialogue interculturel. Le Programme Afrique Plus nous permet \u00e9galement de cr\u00e9er et d\u2019entretenir un r\u00e9seau de fonctionnaires et de juges qui peuvent dis<\/em><\/p>\n<p><em>cuter, tant aujourd\u2019hui qu\u2019\u00e0 l\u2019avenir, des questions inscrites \u00e0 notre ordre du jour et de la mise en \u0153uvre de nos instruments, ouvrant ainsi un espace de d\u00e9bat sur le droit transnational<\/em>\u201d, a d\u00e9clar\u00e9 la Pr\u00e9sidente d\u2019UNIDROIT, la Professeure Maria Chiara Malaguti.<\/p>\n<p><strong>Postulez d\u00e8s maintenant<\/strong><br \/>\nSaisissez cette opportunit\u00e9 de rejoindre la cohorte IPLD Africa Plus 2025!<\/p>\n<ul>\n<li><strong>Lien vers l\u2019appel :<\/strong> <a href=\"https:\/\/www.unidroit.org\/ipld\/ipld-2025-africaplus\/\">https:\/\/www.unidroit.org\/ipld\/ipld-2025-call\/<\/a><\/li>\n<li><strong>Date limite de candidature:<\/strong> <strong>28 f\u00e9vrier 2025<\/strong><\/li>\n<\/ul>\n<p>Faites le premier pas vers la <strong>promotion de l\u2019unification juridique et du d\u00e9veloppement durable<\/strong> dans votre r\u00e9gion. Soumettez votre candidature d\u00e8s aujourd\u2019hui!<\/p>\n<p>&nbsp;<\/p>\n","protected":false},"excerpt":{"rendered":"<p>L\u2019appel \u00e0 candidatures pour la quatri\u00e8me \u00e9dition du Programme international d\u2019UNIDROIT pour le droit et le d\u00e9veloppement (PIDD) Africa Plus est d\u00e9sormais en ligne! Pr\u00e9vu du 3 juin au 5 juillet 2025, ce Programme tr\u00e8s attendu propose aux participants un ensemble unique de formations en&nbsp;<a href=\"https:\/\/www.unidroit.org\/fr\/applications-open-for-unidroit-international-programme-for-law-and-development-ipld-africa-plus-2025\/\">&hellip;<\/a><\/p>\n","protected":false},"author":33,"featured_media":30800,"comment_status":"closed","ping_status":"closed","sticky":false,"template":"","format":"standard","meta":{"ep_exclude_from_search":false,"footnotes":""},"categories":[79,219,260,316],"tags":[],"class_list":["post-30830","post","type-post","status-publish","format-standard","has-post-thumbnail","hentry","category-actualites","category-international-summer-school-fr-2","category-unidroit-academy-fr","category-unidroit-ipld-fr","odd"],"_links":{"self":[{"href":"https:\/\/www.unidroit.org\/fr\/wp-json\/wp\/v2\/posts\/30830","targetHints":{"allow":["GET"]}}],"collection":[{"href":"https:\/\/www.unidroit.org\/fr\/wp-json\/wp\/v2\/posts"}],"about":[{"href":"https:\/\/www.unidroit.org\/fr\/wp-json\/wp\/v2\/types\/post"}],"author":[{"embeddable":true,"href":"https:\/\/www.unidroit.org\/fr\/wp-json\/wp\/v2\/users\/33"}],"replies":[{"embeddable":true,"href":"https:\/\/www.unidroit.org\/fr\/wp-json\/wp\/v2\/comments?post=30830"}],"version-history":[{"count":2,"href":"https:\/\/www.unidroit.org\/fr\/wp-json\/wp\/v2\/posts\/30830\/revisions"}],"predecessor-version":[{"id":30860,"href":"https:\/\/www.unidroit.org\/fr\/wp-json\/wp\/v2\/posts\/30830\/revisions\/30860"}],"wp:featuredmedia":[{"embeddable":true,"href":"https:\/\/www.unidroit.org\/fr\/wp-json\/wp\/v2\/media\/30800"}],"wp:attachment":[{"href":"https:\/\/www.unidroit.org\/fr\/wp-json\/wp\/v2\/media?parent=30830"}],"wp:term":[{"taxonomy":"category","embeddable":true,"href":"https:\/\/www.unidroit.org\/fr\/wp-json\/wp\/v2\/categories?post=30830"},{"taxonomy":"post_tag","embeddable":true,"href":"https:\/\/www.unidroit.org\/fr\/wp-json\/wp\/v2\/tags?post=30830"}],"curies":[{"name":"wp","href":"https:\/\/api.w.org\/{rel}","templated":true}]}}