{"id":31202,"date":"2025-02-21T16:15:55","date_gmt":"2025-02-21T15:15:55","guid":{"rendered":"https:\/\/www.unidroit.org\/?p=31202"},"modified":"2025-02-21T16:47:05","modified_gmt":"2025-02-21T15:47:05","slug":"la-presidente-dunidroit-recoit-s-e-madame-lambassadrice-de-la-republique-dangola","status":"publish","type":"post","link":"https:\/\/www.unidroit.org\/fr\/la-presidente-dunidroit-recoit-s-e-madame-lambassadrice-de-la-republique-dangola\/","title":{"rendered":"La Pr\u00e9sidente d\u2019UNIDROIT re\u00e7oit S.E. Madame l\u2019Ambassadrice de la R\u00e9publique d\u2019Angola"},"content":{"rendered":"<p style=\"text-align: justify;\">Le 19 f\u00e9vrier 2025, UNIDROIT a re\u00e7u une visite officielle de Son Excellence Maria de Fatima Jardim, Ambassadrice de la R\u00e9publique d\u2019Angola en Italie, accompagn\u00e9e de M. Heliodoro Abambres, qui ont \u00e9t\u00e9 accueillis par la Pr\u00e9sidente la Prof. Maria Chiara Malaguti et la Juriste principale et D\u00e9positaire des trait\u00e9s Mme Marina Schneider.<\/p>\n<p style=\"text-align: justify;\">Cette visite a \u00e9t\u00e9 l\u2019occasion de renforcer les liens avec la R\u00e9publique d\u2019Angola, qui est d\u00e9j\u00e0 Partie \u00e0 trois instruments d\u2019UNIDROIT, la <em><a href=\"https:\/\/www.unidroit.org\/fr\/instruments\/garanties-internationales\/convention-du-cap\/\">Convention du Cap relative aux garanties internationales portant sur des mat\u00e9riels d\u2019\u00e9quipement mobiles<\/a><\/em> de 2001\u00a0 et le <a href=\"https:\/\/www.unidroit.org\/fr\/instruments\/garanties-internationales\/protocole-aeronautique\/\">Protocole<em> de 2001\u00a0 s\u2019y rapportant aux questions sp\u00e9cifiques aux mat\u00e9riels d\u2019\u00e9quipement a\u00e9ronautiques<\/em><\/a>, ainsi que la Convention d\u2019UNIDROIT de 1995 sur les biens culturels vol\u00e9s ou illicitement export\u00e9s.<\/p>\n<p style=\"text-align: justify;\">Les discussions ont montr\u00e9 comment les instruments harmonis\u00e9s d\u2019UNIDROIT r\u00e9pondent aux besoins de la R\u00e9publique d\u2019Angola, tels que le <em><a href=\"https:\/\/www.unidroit.org\/fr\/instruments\/garanties-internationales\/protocole-ferroviaire\/\">Protocole ferroviaire de Luxembourg<\/a><\/em> de 2007 et le <em><a href=\"https:\/\/www.unidroit.org\/fr\/instruments\/garanties-internationales\/protocole-mac\/\">Protocole MAC<\/a><\/em> de 2019 \u2013 mais aussi d\u2019autres instruments notamment en mati\u00e8re d\u2019agriculture \u2013 , renforceront l\u2019environnement juridique n\u00e9cessaire et permettront \u00e0 l\u2019Angola d\u2019avoir un meilleur acc\u00e8s au cr\u00e9dit pour mettre en \u0153uvre ses projets de d\u00e9veloppement.<\/p>\n<p style=\"text-align: justify;\">La participation de la R\u00e9publique d\u2019Angola aux travaux l\u00e9gislatifs et non l\u00e9gislatifs d\u2019UNIDROIT en tant qu\u2019\u00c9tat membre de l\u2019Organisation a \u00e9t\u00e9 mentionn\u00e9e afin de permettre \u00e0 l\u2019Angola de participer activement \u00e0 l\u2019\u00e9laboration d\u2019instruments conventionnels ou de \u201cdroit non contraignant\u201d tels que des Principes, des lois types et des guides juridiques. La participation des juristes angolais au Programme international pour le droit et le d\u00e9veloppement (<a href=\"https:\/\/www.unidroit.org\/applications-open-for-unidroit-international-programme-for-law-and-development-ipld-africa-plus-2025\/\">IPLD) <\/a>en 2025 a \u00e9galement \u00e9t\u00e9 abord\u00e9e.<\/p>\n<p style=\"text-align: justify;\">Enfin, les participants ont discut\u00e9 de l\u2019organisation d\u2019une conf\u00e9rence pour promouvoir les instruments d\u2019UNIDROIT \u00e0 Luanda \u00e0 l\u2019invitation du Minist\u00e8re du Commerce et du Commerce.<\/p>\n","protected":false},"excerpt":{"rendered":"<p>Le 19 f\u00e9vrier 2025, UNIDROIT a re\u00e7u une visite officielle de Son Excellence Maria de Fatima Jardim, Ambassadrice de la R\u00e9publique d\u2019Angola en Italie, accompagn\u00e9e de M. Heliodoro Abambres, qui ont \u00e9t\u00e9 accueillis par la Pr\u00e9sidente la Prof. Maria Chiara Malaguti et la Juriste principale&nbsp;<a href=\"https:\/\/www.unidroit.org\/fr\/la-presidente-dunidroit-recoit-s-e-madame-lambassadrice-de-la-republique-dangola\/\">&hellip;<\/a><\/p>\n","protected":false},"author":30,"featured_media":31212,"comment_status":"closed","ping_status":"open","sticky":false,"template":"","format":"standard","meta":{"ep_exclude_from_search":false,"footnotes":""},"categories":[79],"tags":[],"class_list":["post-31202","post","type-post","status-publish","format-standard","has-post-thumbnail","hentry","category-actualites","odd"],"_links":{"self":[{"href":"https:\/\/www.unidroit.org\/fr\/wp-json\/wp\/v2\/posts\/31202","targetHints":{"allow":["GET"]}}],"collection":[{"href":"https:\/\/www.unidroit.org\/fr\/wp-json\/wp\/v2\/posts"}],"about":[{"href":"https:\/\/www.unidroit.org\/fr\/wp-json\/wp\/v2\/types\/post"}],"author":[{"embeddable":true,"href":"https:\/\/www.unidroit.org\/fr\/wp-json\/wp\/v2\/users\/30"}],"replies":[{"embeddable":true,"href":"https:\/\/www.unidroit.org\/fr\/wp-json\/wp\/v2\/comments?post=31202"}],"version-history":[{"count":4,"href":"https:\/\/www.unidroit.org\/fr\/wp-json\/wp\/v2\/posts\/31202\/revisions"}],"predecessor-version":[{"id":31214,"href":"https:\/\/www.unidroit.org\/fr\/wp-json\/wp\/v2\/posts\/31202\/revisions\/31214"}],"wp:featuredmedia":[{"embeddable":true,"href":"https:\/\/www.unidroit.org\/fr\/wp-json\/wp\/v2\/media\/31212"}],"wp:attachment":[{"href":"https:\/\/www.unidroit.org\/fr\/wp-json\/wp\/v2\/media?parent=31202"}],"wp:term":[{"taxonomy":"category","embeddable":true,"href":"https:\/\/www.unidroit.org\/fr\/wp-json\/wp\/v2\/categories?post=31202"},{"taxonomy":"post_tag","embeddable":true,"href":"https:\/\/www.unidroit.org\/fr\/wp-json\/wp\/v2\/tags?post=31202"}],"curies":[{"name":"wp","href":"https:\/\/api.w.org\/{rel}","templated":true}]}}