{"id":31452,"date":"2025-03-07T10:33:06","date_gmt":"2025-03-07T09:33:06","guid":{"rendered":"https:\/\/www.unidroit.org\/unidroit-participates-in-a-webinar-on-the-prevention-of-theft-of-cultural-property-organised-by-an-expert-group-egattt-of-the-international-council-on-archives\/"},"modified":"2025-03-07T10:37:29","modified_gmt":"2025-03-07T09:37:29","slug":"unidroit-participe-a-un-webinaire-sur-la-prevention-du-vol-de-biens-culturels-organise-par-un-groupe-dexperts-egattt-du-conseil-international-des-archives","status":"publish","type":"post","link":"https:\/\/www.unidroit.org\/fr\/unidroit-participe-a-un-webinaire-sur-la-prevention-du-vol-de-biens-culturels-organise-par-un-groupe-dexperts-egattt-du-conseil-international-des-archives\/","title":{"rendered":"UNIDROIT participe \u00e0 un webinaire sur la pr\u00e9vention du vol de biens culturels organis\u00e9 par un Groupe d\u2019experts (EGATTT) du Conseil international des archives"},"content":{"rendered":"<p style=\"text-align: justify;\">Le <a href=\"https:\/\/www.ica.org\/fr\/reseau-ica\/groupes-dexperts\/egattt\/\" target=\"_blank\" rel=\"noopener\">Groupe d\u2019experts de l\u2019ICA contre le vol, le trafic et la falsification (EGATTT)<\/a> a invit\u00e9 UNIDROIT \u00e0 participer la session introductive d\u2019une s\u00e9rie de webinaires qui a pour but d\u2019apporter des connaissances sur la protection du patrimoine documentaire, le renforcement des mesures de s\u00e9curit\u00e9 dans les institutions culturelles et la collaboration avec les agences charg\u00e9es de l\u2019application de la loi.<\/p>\n<p style=\"text-align: justify;\">La session introductive, tenue le jeudi 6 mars 2025, a pr\u00e9sent\u00e9 le travail de l\u2019EGATTT et les r\u00e9sultats cl\u00e9s d\u2019une r\u00e9cente enqu\u00eate sur la pr\u00e9vention du vol dans les archives et les biblioth\u00e8ques dot\u00e9es de collections sp\u00e9ciales. Le webinaire a mis en avant l\u2019importance de la documentation relative \u00e0 la provenance et son r\u00f4le dans l\u2019application des r\u00e9glementations internationales, notamment la <a href=\"https:\/\/www.unidroit.org\/fr\/instruments\/biens-culturels\/convention-de-1995\/\">Convention d\u2019UNIDROIT de 1995 sur les biens culturels vol\u00e9s ou illicitement export\u00e9s<\/a>.<\/p>\n<p style=\"text-align: justify;\">Cette session a \u00e9t\u00e9 anim\u00e9e par Beth Kilmark, et des pr\u00e9sentations ont \u00e9t\u00e9 faites par Arda Scholte (Pr\u00e9sidente de l\u2019ICA\/EGATTT \u2013 pr\u00e9sentation de l\u2019EGATTT et de ses activit\u00e9s et projets), Eugenio Serrano Rodr\u00edguez (Membre de l\u2019ICA\/EGATTT \u2013 pr\u00e9sentation de l\u2019enqu\u00eate r\u00e9alis\u00e9e sur la pr\u00e9vention du vol), Marlene Victoria L\u00f3pez Torres (General Archive of the Nation of Mexico \u2013 pr\u00e9sentation de deux cas de restitution de patrimoine documentaire) et Marina Schneider (UNIDROIT \u2013 pr\u00e9sentation de la pertinence de la Convention de 1995 pour la restitution du patrimoine documentaire).<\/p>\n<p style=\"text-align: justify;\">Pour plus d\u2019informations sur le webinaire, <a href=\"https:\/\/www.ica.org\/fr\/event\/serie-de-webinaires-ica-egattt-2025-sur-le-vol-le-trafic-et-la-securite-webinaire-1\/\" target=\"_blank\" rel=\"noopener\">voir<\/a><\/p>\n<p style=\"text-align: justify;\">Pour plus d\u2019informations sur la Convention d\u2019UNIDROIT de 1995, <a href=\"https:\/\/www.unidroit.org\/fr\/instruments\/biens-culturels\/convention-de-1995\/\">voir<\/a><\/p>\n","protected":false},"excerpt":{"rendered":"<p>Le Groupe d\u2019experts de l\u2019ICA contre le vol, le trafic et la falsification (EGATTT) a invit\u00e9 UNIDROIT \u00e0 participer la session introductive d\u2019une s\u00e9rie de webinaires qui a pour but d\u2019apporter des connaissances sur la protection du patrimoine documentaire, le renforcement des mesures de s\u00e9curit\u00e9&nbsp;<a href=\"https:\/\/www.unidroit.org\/fr\/unidroit-participe-a-un-webinaire-sur-la-prevention-du-vol-de-biens-culturels-organise-par-un-groupe-dexperts-egattt-du-conseil-international-des-archives\/\">&hellip;<\/a><\/p>\n","protected":false},"author":19,"featured_media":31447,"comment_status":"closed","ping_status":"open","sticky":false,"template":"","format":"standard","meta":{"ep_exclude_from_search":false,"footnotes":""},"categories":[217,79,218],"tags":[],"class_list":["post-31452","post","type-post","status-publish","format-standard","has-post-thumbnail","hentry","category-1995-convention-fr","category-actualites","category-cultural-property-fr","odd"],"_links":{"self":[{"href":"https:\/\/www.unidroit.org\/fr\/wp-json\/wp\/v2\/posts\/31452","targetHints":{"allow":["GET"]}}],"collection":[{"href":"https:\/\/www.unidroit.org\/fr\/wp-json\/wp\/v2\/posts"}],"about":[{"href":"https:\/\/www.unidroit.org\/fr\/wp-json\/wp\/v2\/types\/post"}],"author":[{"embeddable":true,"href":"https:\/\/www.unidroit.org\/fr\/wp-json\/wp\/v2\/users\/19"}],"replies":[{"embeddable":true,"href":"https:\/\/www.unidroit.org\/fr\/wp-json\/wp\/v2\/comments?post=31452"}],"version-history":[{"count":3,"href":"https:\/\/www.unidroit.org\/fr\/wp-json\/wp\/v2\/posts\/31452\/revisions"}],"predecessor-version":[{"id":31455,"href":"https:\/\/www.unidroit.org\/fr\/wp-json\/wp\/v2\/posts\/31452\/revisions\/31455"}],"wp:featuredmedia":[{"embeddable":true,"href":"https:\/\/www.unidroit.org\/fr\/wp-json\/wp\/v2\/media\/31447"}],"wp:attachment":[{"href":"https:\/\/www.unidroit.org\/fr\/wp-json\/wp\/v2\/media?parent=31452"}],"wp:term":[{"taxonomy":"category","embeddable":true,"href":"https:\/\/www.unidroit.org\/fr\/wp-json\/wp\/v2\/categories?post=31452"},{"taxonomy":"post_tag","embeddable":true,"href":"https:\/\/www.unidroit.org\/fr\/wp-json\/wp\/v2\/tags?post=31452"}],"curies":[{"name":"wp","href":"https:\/\/api.w.org\/{rel}","templated":true}]}}