{"id":31485,"date":"2025-03-07T23:04:10","date_gmt":"2025-03-07T22:04:10","guid":{"rendered":"https:\/\/www.unidroit.org\/a-tribute-to-tributo-a-guido-alpa\/"},"modified":"2025-03-10T13:37:16","modified_gmt":"2025-03-10T12:37:16","slug":"hommage-a-guido-alpa","status":"publish","type":"post","link":"https:\/\/www.unidroit.org\/fr\/hommage-a-guido-alpa\/","title":{"rendered":"Hommage \u00e0 Guido Alpa"},"content":{"rendered":"<p style=\"text-align: justify;\">C\u2019est avec un profond regret que nous avons appris, \u00e0 UNIDROIT, le d\u00e9c\u00e8s du Professeur Guido Alpa. Grand \u00e9rudit et ami de l\u2019Institut, nous nous souviendrons non seulement de ses immenses comp\u00e9tences scientifiques et pratiques, mais aussi de la gr\u00e2ce et de la modestie qui caract\u00e9risaient chacune de ses interactions avec ses coll\u00e8gues lors des travaux de nos Groupes de travail et d\u2019\u00e9tude. Membre du Groupe de travail d\u2019UNIDROIT sur les Principes d\u2019UNIDROIT relatifs aux contrats du commerce international, il \u00e9tait toujours ouvert aux solutions innovantes et au dialogue. Le savant et l\u2019homme nous manqueront profond\u00e9ment.<\/p>\n","protected":false},"excerpt":{"rendered":"<p>C\u2019est avec un profond regret que nous avons appris, \u00e0 UNIDROIT, le d\u00e9c\u00e8s du Professeur Guido Alpa. Grand \u00e9rudit et ami de l\u2019Institut, nous nous souviendrons non seulement de ses immenses comp\u00e9tences scientifiques et pratiques, mais aussi de la gr\u00e2ce et de la modestie qui&nbsp;<a href=\"https:\/\/www.unidroit.org\/fr\/hommage-a-guido-alpa\/\">&hellip;<\/a><\/p>\n","protected":false},"author":8,"featured_media":31471,"comment_status":"closed","ping_status":"closed","sticky":false,"template":"","format":"standard","meta":{"ep_exclude_from_search":false,"footnotes":""},"categories":[79,127,260],"tags":[],"class_list":["post-31485","post","type-post","status-publish","format-standard","has-post-thumbnail","hentry","category-actualites","category-contrats","category-unidroit-academy-fr","odd"],"_links":{"self":[{"href":"https:\/\/www.unidroit.org\/fr\/wp-json\/wp\/v2\/posts\/31485","targetHints":{"allow":["GET"]}}],"collection":[{"href":"https:\/\/www.unidroit.org\/fr\/wp-json\/wp\/v2\/posts"}],"about":[{"href":"https:\/\/www.unidroit.org\/fr\/wp-json\/wp\/v2\/types\/post"}],"author":[{"embeddable":true,"href":"https:\/\/www.unidroit.org\/fr\/wp-json\/wp\/v2\/users\/8"}],"replies":[{"embeddable":true,"href":"https:\/\/www.unidroit.org\/fr\/wp-json\/wp\/v2\/comments?post=31485"}],"version-history":[{"count":1,"href":"https:\/\/www.unidroit.org\/fr\/wp-json\/wp\/v2\/posts\/31485\/revisions"}],"predecessor-version":[{"id":31486,"href":"https:\/\/www.unidroit.org\/fr\/wp-json\/wp\/v2\/posts\/31485\/revisions\/31486"}],"wp:featuredmedia":[{"embeddable":true,"href":"https:\/\/www.unidroit.org\/fr\/wp-json\/wp\/v2\/media\/31471"}],"wp:attachment":[{"href":"https:\/\/www.unidroit.org\/fr\/wp-json\/wp\/v2\/media?parent=31485"}],"wp:term":[{"taxonomy":"category","embeddable":true,"href":"https:\/\/www.unidroit.org\/fr\/wp-json\/wp\/v2\/categories?post=31485"},{"taxonomy":"post_tag","embeddable":true,"href":"https:\/\/www.unidroit.org\/fr\/wp-json\/wp\/v2\/tags?post=31485"}],"curies":[{"name":"wp","href":"https:\/\/api.w.org\/{rel}","templated":true}]}}